{"id":101850,"date":"2026-03-10T16:40:08","date_gmt":"2026-03-10T13:40:08","guid":{"rendered":"https:\/\/prizrenpost.com\/al\/prizren-policia-jep-detaje-per-arrestimin-e-37-vjecarit-te-kerkuar-per-vrasjen-ne-lagjen-bazhdarhane\/"},"modified":"2026-03-10T16:40:08","modified_gmt":"2026-03-10T13:40:08","slug":"prizren-policia-jep-detaje-per-arrestimin-e-37-vjecarit-te-kerkuar-per-vrasjen-ne-lagjen-bazhdarhane","status":"publish","type":"post","link":"https:\/\/prizrenpost.com\/al\/prizren-policia-jep-detaje-per-arrestimin-e-37-vjecarit-te-kerkuar-per-vrasjen-ne-lagjen-bazhdarhane\/","title":{"rendered":"Prizren: Policia jep detaje p\u00ebr arrestimin e 37-vje\u00e7arit t\u00eb k\u00ebrkuar p\u00ebr vra*sjen n\u00eb lagjen \u201cBazhdarhane\u201d"},"content":{"rendered":"<figure class=\"post-featured-image\"><img decoding=\"async\" src=\"https:\/\/prizrenpost.com\/al\/wp-content\/uploads\/2026\/03\/policia-qender-Pz.jpg\" alt=\"Prizren: Policia jep detaje p\u00ebr arrestimin e 37-vje\u00e7arit t\u00eb k\u00ebrkuar p\u00ebr vra*sjen n\u00eb lagjen \u201cBazhdarhane\u201d\"\/><\/figure>\n<p>T\u00eb h\u00ebn\u00ebn mbr\u00ebma, rreth or\u00ebs 22:30, Policia n\u00eb Prizren pas nj\u00eb pune t\u00eb vazhdueshme hetimore, ka arritur ta lokalizoj\u00eb dhe ta arrestoj\u00eb personin e k\u00ebrkuar A. P., 37 vje\u00e7ar nga fshati Velezhw.<\/p>\n<p>I nj\u00ebjti ishte i k\u00ebrkuar sipas urdh\u00ebr-arresteve t\u00eb gjykat\u00ebs p\u00ebr disa vepra penale, konkretisht p\u00ebr: vrasje, shkaktim i rrezikut t\u00eb p\u00ebrgjithsh\u00ebm dhe mbajtje, posedim dhe kontroll I paautorizuar i arm\u00ebs.<\/p>\n<p>Pas arrestimit, me dat\u00ebn 10.02.2026, i dyshuari \u00ebsht\u00eb d\u00ebrguar n\u00eb Prokurorin\u00eb Speciale p\u00ebr vazhdimin e procedurave t\u00eb m\u00ebtejshme ligjore.<\/p>\n<p>Vepra penale ka ndodhur n\u00eb vitin 2015, ku i dyshuari kryesor i rastit t\u00eb vrasjes \u00ebsht\u00eb arrestuar dhe \u00ebsht\u00eb d\u00ebnuar nga gjykata, por A. P. kishte qen\u00eb gjithashtu nj\u00ebri nga t\u00eb dyshuarit dhe ka qen\u00eb n\u00eb arrati p\u00ebr disa vjet.<\/p>\n<hr style=\"margin:30px 0\"\/>\n<p style=\"font-size:13px;color:#666\">Burimi: <strong>gazetaeprizrenit<\/strong><\/p>\n","protected":false},"excerpt":{"rendered":"<p>T\u00eb h\u00ebn\u00ebn mbr\u00ebma, rreth or\u00ebs 22:30, Policia n\u00eb Prizren pas nj\u00eb pune t\u00eb vazhdueshme hetimore, ka arritur ta lokalizoj\u00eb dhe ta arrestoj\u00eb personin e k\u00ebrkuar A. P., 37 vje\u00e7ar nga fshati Velezhw. I nj\u00ebjti ishte i k\u00ebrkuar sipas urdh\u00ebr-arresteve t\u00eb gjykat\u00ebs p\u00ebr disa vepra penale, konkretisht p\u00ebr: vrasje, shkaktim i rrezikut t\u00eb p\u00ebrgjithsh\u00ebm dhe mbajtje, [&hellip;]<\/p>\n","protected":false},"author":1,"featured_media":101849,"comment_status":"open","ping_status":"open","sticky":false,"template":"","format":"standard","meta":{"footnotes":""},"categories":[22],"tags":[],"class_list":["post-101850","post","type-post","status-publish","format-standard","has-post-thumbnail","hentry","category-prizren"],"_links":{"self":[{"href":"https:\/\/prizrenpost.com\/al\/wp-json\/wp\/v2\/posts\/101850","targetHints":{"allow":["GET"]}}],"collection":[{"href":"https:\/\/prizrenpost.com\/al\/wp-json\/wp\/v2\/posts"}],"about":[{"href":"https:\/\/prizrenpost.com\/al\/wp-json\/wp\/v2\/types\/post"}],"author":[{"embeddable":true,"href":"https:\/\/prizrenpost.com\/al\/wp-json\/wp\/v2\/users\/1"}],"replies":[{"embeddable":true,"href":"https:\/\/prizrenpost.com\/al\/wp-json\/wp\/v2\/comments?post=101850"}],"version-history":[{"count":0,"href":"https:\/\/prizrenpost.com\/al\/wp-json\/wp\/v2\/posts\/101850\/revisions"}],"wp:featuredmedia":[{"embeddable":true,"href":"https:\/\/prizrenpost.com\/al\/wp-json\/wp\/v2\/media\/101849"}],"wp:attachment":[{"href":"https:\/\/prizrenpost.com\/al\/wp-json\/wp\/v2\/media?parent=101850"}],"wp:term":[{"taxonomy":"category","embeddable":true,"href":"https:\/\/prizrenpost.com\/al\/wp-json\/wp\/v2\/categories?post=101850"},{"taxonomy":"post_tag","embeddable":true,"href":"https:\/\/prizrenpost.com\/al\/wp-json\/wp\/v2\/tags?post=101850"}],"curies":[{"name":"wp","href":"https:\/\/api.w.org\/{rel}","templated":true}]}}