{"id":101856,"date":"2026-03-10T16:55:25","date_gmt":"2026-03-10T13:55:25","guid":{"rendered":"https:\/\/prizrenpost.com\/al\/therja-me-thike-ne-kacanik-arrestohen-edhe-dy-persona\/"},"modified":"2026-03-10T16:55:25","modified_gmt":"2026-03-10T13:55:25","slug":"therja-me-thike-ne-kacanik-arrestohen-edhe-dy-persona","status":"publish","type":"post","link":"https:\/\/prizrenpost.com\/al\/therja-me-thike-ne-kacanik-arrestohen-edhe-dy-persona\/","title":{"rendered":"Therja me thik\u00eb n\u00eb Ka\u00e7anik, arrestohen edhe dy persona"},"content":{"rendered":"<figure class=\"post-featured-image\"><img decoding=\"async\" src=\"https:\/\/prizrenpost.com\/al\/wp-content\/uploads\/2026\/03\/Policia-e-Kosoves.jpg\" alt=\"Therja me thik\u00eb n\u00eb Ka\u00e7anik, arrestohen edhe dy persona\"\/><\/figure>\n<p>Jan\u00eb arrestuar edhe dy persona lidhur me plagosjen e nj\u00eb 21-vje\u00e7ari n\u00eb Ka\u00e7anik.<\/p>\n<p>Viktima u ther me thik\u00eb mbr\u00ebmjen e s\u00eb h\u00ebn\u00ebs, dhe pos nj\u00eb 17-vje\u00e7ari, gjat\u00eb dit\u00ebs s\u00eb sotme u arrestuan edhe nj\u00eb 24-vje\u00e7ar po ashtu edhe nj\u00eb i mitur, transmeton Klankosova.tv.<\/p>\n<p>\u201cT\u00eb dyshuarit jan\u00eb: H.K. (24 vje\u00e7) dhe E.K. (17 vje\u00e7). Pas intervistimit nga policia, me aktvendim t\u00eb prokurorit t\u00eb shtetit, i dyshuari H.K. \u00ebsht\u00eb d\u00ebrguar n\u00eb mbajtje p\u00ebr 48 or\u00eb. Nd\u00ebrkaq, i dyshuari i mitur E.K. \u00ebsht\u00eb d\u00ebrguar n\u00eb mbajtje p\u00ebr 24 or\u00eb. Ndaj tyre jan\u00eb iniciuar rastet p\u00ebr veprat penale: \u201cL\u00ebndim i r\u00ebnd\u00eb trupor n\u00eb bashk\u00ebkryerje\u201d, \u201cPjes\u00ebmarrja n\u00eb rrahje\u201d dhe \u201cKanosja\u201d\u201d, thuhet n\u00eb njoftim.<\/p>\n<p>Ndryshe, i l\u00ebnduari pasi ka marr\u00eb trajtimin e nevojsh\u00ebm mjek\u00ebsor n\u00eb Qendr\u00ebn Klinike Universitare n\u00eb Prishtin\u00eb, \u00ebsht\u00eb jasht\u00eb rrezikut p\u00ebr jet\u00ebn.<\/p>\n<blockquote class=\"wp-embedded-content\" data-secret=\"bnInuvAw4F\">\n<p><a href=\"https:\/\/klankosova.tv\/i-mituri-ther-me-thike-nje-21-vjecar-ne-kacanik\/\">I mituri ther me thik\u00eb nj\u00eb 21-vje\u00e7ar n\u00eb Ka\u00e7anik<\/a><\/p>\n<\/blockquote>\n<hr style=\"margin:30px 0\"\/>\n<p style=\"font-size:13px;color:#666\">Burimi: <strong>klankosova<\/strong><\/p>\n","protected":false},"excerpt":{"rendered":"<p>Jan\u00eb arrestuar edhe dy persona lidhur me plagosjen e nj\u00eb 21-vje\u00e7ari n\u00eb Ka\u00e7anik. Viktima u ther me thik\u00eb mbr\u00ebmjen e s\u00eb h\u00ebn\u00ebs, dhe pos nj\u00eb 17-vje\u00e7ari, gjat\u00eb dit\u00ebs s\u00eb sotme u arrestuan edhe nj\u00eb 24-vje\u00e7ar po ashtu edhe nj\u00eb i mitur, transmeton Klankosova.tv. \u201cT\u00eb dyshuarit jan\u00eb: H.K. (24 vje\u00e7) dhe E.K. (17 vje\u00e7). Pas intervistimit [&hellip;]<\/p>\n","protected":false},"author":1,"featured_media":101855,"comment_status":"open","ping_status":"open","sticky":false,"template":"","format":"standard","meta":{"footnotes":""},"categories":[17],"tags":[],"class_list":["post-101856","post","type-post","status-publish","format-standard","has-post-thumbnail","hentry","category-kronike"],"_links":{"self":[{"href":"https:\/\/prizrenpost.com\/al\/wp-json\/wp\/v2\/posts\/101856","targetHints":{"allow":["GET"]}}],"collection":[{"href":"https:\/\/prizrenpost.com\/al\/wp-json\/wp\/v2\/posts"}],"about":[{"href":"https:\/\/prizrenpost.com\/al\/wp-json\/wp\/v2\/types\/post"}],"author":[{"embeddable":true,"href":"https:\/\/prizrenpost.com\/al\/wp-json\/wp\/v2\/users\/1"}],"replies":[{"embeddable":true,"href":"https:\/\/prizrenpost.com\/al\/wp-json\/wp\/v2\/comments?post=101856"}],"version-history":[{"count":0,"href":"https:\/\/prizrenpost.com\/al\/wp-json\/wp\/v2\/posts\/101856\/revisions"}],"wp:featuredmedia":[{"embeddable":true,"href":"https:\/\/prizrenpost.com\/al\/wp-json\/wp\/v2\/media\/101855"}],"wp:attachment":[{"href":"https:\/\/prizrenpost.com\/al\/wp-json\/wp\/v2\/media?parent=101856"}],"wp:term":[{"taxonomy":"category","embeddable":true,"href":"https:\/\/prizrenpost.com\/al\/wp-json\/wp\/v2\/categories?post=101856"},{"taxonomy":"post_tag","embeddable":true,"href":"https:\/\/prizrenpost.com\/al\/wp-json\/wp\/v2\/tags?post=101856"}],"curies":[{"name":"wp","href":"https:\/\/api.w.org\/{rel}","templated":true}]}}