{"id":101862,"date":"2026-03-10T17:25:08","date_gmt":"2026-03-10T14:25:08","guid":{"rendered":"https:\/\/prizrenpost.com\/al\/katari-sulmet-e-iranit-vazhdojne-pavaresisht-kerkimfaljes-se-presidentit-iranian\/"},"modified":"2026-03-10T17:25:08","modified_gmt":"2026-03-10T14:25:08","slug":"katari-sulmet-e-iranit-vazhdojne-pavaresisht-kerkimfaljes-se-presidentit-iranian","status":"publish","type":"post","link":"https:\/\/prizrenpost.com\/al\/katari-sulmet-e-iranit-vazhdojne-pavaresisht-kerkimfaljes-se-presidentit-iranian\/","title":{"rendered":"Katari: Sulmet e Iranit vazhdojn\u00eb pavar\u00ebsisht k\u00ebrkimfaljes s\u00eb presidentit iranian"},"content":{"rendered":"<figure class=\"post-featured-image\"><img decoding=\"async\" src=\"https:\/\/prizrenpost.com\/al\/wp-content\/uploads\/2026\/03\/thumbs_b_c_6b120db0bbf87bd9fb6ace7d0c7b4b72.jpg\" alt=\"Katari: Sulmet e Iranit vazhdojn\u00eb pavar\u00ebsisht k\u00ebrkimfaljes s\u00eb presidentit iranian\"\/><\/figure>\n<p>Katari shprehu shqet\u00ebsim sot pasi sulmet iraniane sh\u00ebnjestruan vendet e Gjirit, pavar\u00ebsisht k\u00ebrkimfaljes s\u00eb m\u00ebparshme nga presidenti i Iranit, transmeton Anadolu.<\/p>\n<p>\u201cNe ishim optimist\u00eb pas k\u00ebrkimfaljes s\u00eb presidentit iranian, por m\u00eb pas pam\u00eb sulme kund\u00ebr Emirateve t\u00eb Bashkuara Arabe, Bahreinit dhe Katarit\u201d, tha z\u00ebdh\u00ebn\u00ebsi i Ministris\u00eb s\u00eb Jashtme, Majed al-Ansari.<\/p>\n<p>Z\u00ebdh\u00ebn\u00ebsi tha se Doha nuk ishte pal\u00eb n\u00eb konfliktin e vazhduesh\u00ebm \u201cpor do t\u00eb vazhdoj\u00eb t\u00eb mbroj\u00eb territorin e saj\u201d.<\/p>\n<p>\u201cNe ende besojm\u00eb n\u00eb diplomaci, por \u00e7do agresion kund\u00ebr Katarit do t\u00eb trajtohet n\u00eb m\u00ebnyr\u00ebn e duhur\u201d, shtoi ai.<\/p>\n<p>Al-Ansari paralajm\u00ebroi se sulmet iraniane po ndikojn\u00eb si n\u00eb ekonomin\u00eb e Katarit ashtu edhe n\u00eb ekonomin\u00eb globale.<\/p>\n<hr style=\"margin:30px 0\"\/>\n<p style=\"font-size:13px;color:#666\">Burimi: <strong>mesazhi<\/strong><\/p>\n","protected":false},"excerpt":{"rendered":"<p>Katari shprehu shqet\u00ebsim sot pasi sulmet iraniane sh\u00ebnjestruan vendet e Gjirit, pavar\u00ebsisht k\u00ebrkimfaljes s\u00eb m\u00ebparshme nga presidenti i Iranit, transmeton Anadolu. \u201cNe ishim optimist\u00eb pas k\u00ebrkimfaljes s\u00eb presidentit iranian, por m\u00eb pas pam\u00eb sulme kund\u00ebr Emirateve t\u00eb Bashkuara Arabe, Bahreinit dhe Katarit\u201d, tha z\u00ebdh\u00ebn\u00ebsi i Ministris\u00eb s\u00eb Jashtme, Majed al-Ansari. Z\u00ebdh\u00ebn\u00ebsi tha se Doha nuk [&hellip;]<\/p>\n","protected":false},"author":1,"featured_media":101861,"comment_status":"open","ping_status":"open","sticky":false,"template":"","format":"standard","meta":{"footnotes":""},"categories":[24],"tags":[3803],"class_list":["post-101862","post","type-post","status-publish","format-standard","has-post-thumbnail","hentry","category-bote","tag-aktuale"],"_links":{"self":[{"href":"https:\/\/prizrenpost.com\/al\/wp-json\/wp\/v2\/posts\/101862","targetHints":{"allow":["GET"]}}],"collection":[{"href":"https:\/\/prizrenpost.com\/al\/wp-json\/wp\/v2\/posts"}],"about":[{"href":"https:\/\/prizrenpost.com\/al\/wp-json\/wp\/v2\/types\/post"}],"author":[{"embeddable":true,"href":"https:\/\/prizrenpost.com\/al\/wp-json\/wp\/v2\/users\/1"}],"replies":[{"embeddable":true,"href":"https:\/\/prizrenpost.com\/al\/wp-json\/wp\/v2\/comments?post=101862"}],"version-history":[{"count":0,"href":"https:\/\/prizrenpost.com\/al\/wp-json\/wp\/v2\/posts\/101862\/revisions"}],"wp:featuredmedia":[{"embeddable":true,"href":"https:\/\/prizrenpost.com\/al\/wp-json\/wp\/v2\/media\/101861"}],"wp:attachment":[{"href":"https:\/\/prizrenpost.com\/al\/wp-json\/wp\/v2\/media?parent=101862"}],"wp:term":[{"taxonomy":"category","embeddable":true,"href":"https:\/\/prizrenpost.com\/al\/wp-json\/wp\/v2\/categories?post=101862"},{"taxonomy":"post_tag","embeddable":true,"href":"https:\/\/prizrenpost.com\/al\/wp-json\/wp\/v2\/tags?post=101862"}],"curies":[{"name":"wp","href":"https:\/\/api.w.org\/{rel}","templated":true}]}}