{"id":101875,"date":"2026-03-10T18:20:19","date_gmt":"2026-03-10T15:20:19","guid":{"rendered":"https:\/\/prizrenpost.com\/al\/rrahje-ne-peje-dy-te-lenduar-kater-dergohen-ne-polici\/"},"modified":"2026-03-10T18:20:19","modified_gmt":"2026-03-10T15:20:19","slug":"rrahje-ne-peje-dy-te-lenduar-kater-dergohen-ne-polici","status":"publish","type":"post","link":"https:\/\/prizrenpost.com\/al\/rrahje-ne-peje-dy-te-lenduar-kater-dergohen-ne-polici\/","title":{"rendered":"Rrahje n\u00eb Pej\u00eb: Dy t\u00eb l\u00ebnduar, kat\u00ebr d\u00ebrgohen n\u00eb polici"},"content":{"rendered":"<figure class=\"post-featured-image\"><img decoding=\"async\" src=\"https:\/\/prizrenpost.com\/al\/wp-content\/uploads\/2026\/03\/lajmi-i-fundit-policia-aksident-2.jpeg\" alt=\"Rrahje n\u00eb Pej\u00eb: Dy t\u00eb l\u00ebnduar, kat\u00ebr d\u00ebrgohen n\u00eb polici\"\/><\/figure>\n<p>Dy persona jan\u00eb l\u00ebnduar si pasoj\u00eb e nj\u00eb rrahje q\u00eb ka ndodhur sot n\u00eb hap\u00ebsirat e Stacionit e Autobus\u00ebve n\u00eb Pej\u00eb, derisa kat\u00ebr persona jan\u00eb arrestuar lidhur me k\u00ebt\u00eb incident nga policia.<\/p>\n<p>Lajmin p\u00ebr Klankosova.tv e ka konfirmuar Fadil Gashi, z\u00ebdh\u00ebn\u00ebs i policis\u00eb p\u00ebr rajonin e Pej\u00ebs.<\/p>\n<hr style=\"margin:30px 0\"\/>\n<p style=\"font-size:13px;color:#666\">Burimi: <strong>klankosova<\/strong><\/p>\n","protected":false},"excerpt":{"rendered":"<p>Dy persona jan\u00eb l\u00ebnduar si pasoj\u00eb e nj\u00eb rrahje q\u00eb ka ndodhur sot n\u00eb hap\u00ebsirat e Stacionit e Autobus\u00ebve n\u00eb Pej\u00eb, derisa kat\u00ebr persona jan\u00eb arrestuar lidhur me k\u00ebt\u00eb incident nga policia. Lajmin p\u00ebr Klankosova.tv e ka konfirmuar Fadil Gashi, z\u00ebdh\u00ebn\u00ebs i policis\u00eb p\u00ebr rajonin e Pej\u00ebs. Burimi: klankosova<\/p>\n","protected":false},"author":1,"featured_media":101874,"comment_status":"open","ping_status":"open","sticky":false,"template":"","format":"standard","meta":{"footnotes":""},"categories":[17],"tags":[],"class_list":["post-101875","post","type-post","status-publish","format-standard","has-post-thumbnail","hentry","category-kronike"],"_links":{"self":[{"href":"https:\/\/prizrenpost.com\/al\/wp-json\/wp\/v2\/posts\/101875","targetHints":{"allow":["GET"]}}],"collection":[{"href":"https:\/\/prizrenpost.com\/al\/wp-json\/wp\/v2\/posts"}],"about":[{"href":"https:\/\/prizrenpost.com\/al\/wp-json\/wp\/v2\/types\/post"}],"author":[{"embeddable":true,"href":"https:\/\/prizrenpost.com\/al\/wp-json\/wp\/v2\/users\/1"}],"replies":[{"embeddable":true,"href":"https:\/\/prizrenpost.com\/al\/wp-json\/wp\/v2\/comments?post=101875"}],"version-history":[{"count":0,"href":"https:\/\/prizrenpost.com\/al\/wp-json\/wp\/v2\/posts\/101875\/revisions"}],"wp:featuredmedia":[{"embeddable":true,"href":"https:\/\/prizrenpost.com\/al\/wp-json\/wp\/v2\/media\/101874"}],"wp:attachment":[{"href":"https:\/\/prizrenpost.com\/al\/wp-json\/wp\/v2\/media?parent=101875"}],"wp:term":[{"taxonomy":"category","embeddable":true,"href":"https:\/\/prizrenpost.com\/al\/wp-json\/wp\/v2\/categories?post=101875"},{"taxonomy":"post_tag","embeddable":true,"href":"https:\/\/prizrenpost.com\/al\/wp-json\/wp\/v2\/tags?post=101875"}],"curies":[{"name":"wp","href":"https:\/\/api.w.org\/{rel}","templated":true}]}}