{"id":101881,"date":"2026-03-10T19:45:06","date_gmt":"2026-03-10T16:45:06","guid":{"rendered":"https:\/\/prizrenpost.com\/al\/antonio-costa-ky-vend-i-vetmi-fitues-i-luftes-ne-lindjen-e-mesme\/"},"modified":"2026-03-10T19:45:06","modified_gmt":"2026-03-10T16:45:06","slug":"antonio-costa-ky-vend-i-vetmi-fitues-i-luftes-ne-lindjen-e-mesme","status":"publish","type":"post","link":"https:\/\/prizrenpost.com\/al\/antonio-costa-ky-vend-i-vetmi-fitues-i-luftes-ne-lindjen-e-mesme\/","title":{"rendered":"Antonio Costa: Ky vend, i vetmi fitues i Luft\u00ebs n\u00eb Lindjen e Mesme\u2026"},"content":{"rendered":"<figure class=\"post-featured-image\"><img decoding=\"async\" src=\"https:\/\/prizrenpost.com\/al\/wp-content\/uploads\/2026\/03\/Ky-zyrtar-i-larte-europian-qe-guxon-kunder-Trump-it-dhe-marrezise-se-tij-me-Iranin.jpg\" alt=\"Antonio Costa: Ky vend, i vetmi fitues i Luft\u00ebs n\u00eb Lindjen e Mesme\u2026\"\/><\/figure>\n<p>Ky zyrtar i lart\u00eb europian q\u00eb guxon kund\u00ebr Trump-it dhe marr\u00ebzis\u00eb s\u00eb tij me Iranin<\/p>\n<p>Rusia \u00ebsht\u00eb i vetmi fitues i luft\u00ebs n\u00eb Lindjen e Mesme p\u00ebr sa i p\u00ebrket rritjes s\u00eb \u00e7mimeve t\u00eb energjis\u00eb dhe zbehjes s\u00eb v\u00ebmendjes ndaj luft\u00ebs n\u00eb Ukrain\u00eb, tha t\u00eb mart\u00ebn Presidenti i K\u00ebshillit Evropian Antonio Costa, duke b\u00ebr\u00eb thirrje p\u00ebr nj\u00eb zgjidhje diplomatike t\u00eb konfliktit.<\/p>\n<p>\u201cP\u00ebr momentin ka vet\u00ebm nj\u00eb fitues n\u00eb k\u00ebt\u00eb luft\u00eb \u2013 Rusia,\u201d tha Costa n\u00eb nj\u00eb fjalim para ambasador\u00ebve t\u00eb BE-s\u00eb n\u00eb Bruksel.<\/p>\n<p>\u201cPo fiton burime t\u00eb reja p\u00ebr t\u00eb financuar luft\u00ebn e saj n\u00eb Ukrain\u00eb nd\u00ebrsa \u00e7mimet e energjis\u00eb rriten. Po p\u00ebrfiton nga devijimi i kapacitetit ushtarak q\u00eb p\u00ebrndryshe mund t\u00eb d\u00ebrgohej p\u00ebr t\u00eb mb\u00ebshtetur Ukrain\u00ebn. Po p\u00ebrfiton gjithashtu nga v\u00ebmendja e zvog\u00ebluar ndaj frontit ukrainas nd\u00ebrsa konflikti n\u00eb Lindjen e Mesme merr n\u00eb qend\u00ebr t\u00eb v\u00ebmendjes.\u201d<\/p>\n<p>Costa theksoi nevoj\u00ebn q\u00eb BE t\u00eb mbroj\u00eb rendin nd\u00ebrkomb\u00ebtar t\u00eb bazuar n\u00eb rregulla, t\u00eb cilin ai tha se tani po sfidohet nga Shtetet e Bashkuara, dhe b\u00ebri thirrje q\u00eb t\u00eb gjitha pal\u00ebt n\u00eb Lindjen e Mesme t\u00eb kthehen n\u00eb tryez\u00ebn e negociatave.<\/p>\n<p>\u201cBashkimi Evropian q\u00ebndron me popullin e Iranit q\u00eb po vuan. Ne mb\u00ebshtesim t\u00eb drejt\u00ebn e tyre p\u00ebr t\u00eb jetuar n\u00eb paqe dhe p\u00ebr t\u00eb p\u00ebrcaktuar t\u00eb ardhmen e tyre\u201d, tha ai, duke b\u00ebr\u00eb thirrje p\u00ebr mbrojtjen e civil\u00ebve dhe sigurin\u00eb b\u00ebrthamore.<\/p>\n<p>\u201cLiria dhe t\u00eb drejtat e njeriut nuk mund t\u00eb arrihen me bomba. Vet\u00ebm ligji nd\u00ebrkomb\u00ebtar i mb\u00ebshtet ato\u201d, tha ai.<\/p>\n<p>\u201cNe duhet t\u00eb shmangim p\u00ebrshkall\u00ebzimin e m\u00ebtejsh\u00ebm. Nj\u00eb rrug\u00eb e till\u00eb k\u00ebrc\u00ebnon Lindjen e Mesme, Evrop\u00ebn dhe m\u00eb gjer\u00eb\u201d, p\u00ebrfundoi Costa. \/tesheshi<\/p>\n<hr style=\"margin:30px 0\"\/>\n<p style=\"font-size:13px;color:#666\">Burimi: <strong>mesazhi<\/strong><\/p>\n","protected":false},"excerpt":{"rendered":"<p>Ky zyrtar i lart\u00eb europian q\u00eb guxon kund\u00ebr Trump-it dhe marr\u00ebzis\u00eb s\u00eb tij me Iranin Rusia \u00ebsht\u00eb i vetmi fitues i luft\u00ebs n\u00eb Lindjen e Mesme p\u00ebr sa i p\u00ebrket rritjes s\u00eb \u00e7mimeve t\u00eb energjis\u00eb dhe zbehjes s\u00eb v\u00ebmendjes ndaj luft\u00ebs n\u00eb Ukrain\u00eb, tha t\u00eb mart\u00ebn Presidenti i K\u00ebshillit Evropian Antonio Costa, duke b\u00ebr\u00eb thirrje [&hellip;]<\/p>\n","protected":false},"author":1,"featured_media":101880,"comment_status":"open","ping_status":"open","sticky":false,"template":"","format":"standard","meta":{"footnotes":""},"categories":[24],"tags":[3803],"class_list":["post-101881","post","type-post","status-publish","format-standard","has-post-thumbnail","hentry","category-bote","tag-aktuale"],"_links":{"self":[{"href":"https:\/\/prizrenpost.com\/al\/wp-json\/wp\/v2\/posts\/101881","targetHints":{"allow":["GET"]}}],"collection":[{"href":"https:\/\/prizrenpost.com\/al\/wp-json\/wp\/v2\/posts"}],"about":[{"href":"https:\/\/prizrenpost.com\/al\/wp-json\/wp\/v2\/types\/post"}],"author":[{"embeddable":true,"href":"https:\/\/prizrenpost.com\/al\/wp-json\/wp\/v2\/users\/1"}],"replies":[{"embeddable":true,"href":"https:\/\/prizrenpost.com\/al\/wp-json\/wp\/v2\/comments?post=101881"}],"version-history":[{"count":0,"href":"https:\/\/prizrenpost.com\/al\/wp-json\/wp\/v2\/posts\/101881\/revisions"}],"wp:featuredmedia":[{"embeddable":true,"href":"https:\/\/prizrenpost.com\/al\/wp-json\/wp\/v2\/media\/101880"}],"wp:attachment":[{"href":"https:\/\/prizrenpost.com\/al\/wp-json\/wp\/v2\/media?parent=101881"}],"wp:term":[{"taxonomy":"category","embeddable":true,"href":"https:\/\/prizrenpost.com\/al\/wp-json\/wp\/v2\/categories?post=101881"},{"taxonomy":"post_tag","embeddable":true,"href":"https:\/\/prizrenpost.com\/al\/wp-json\/wp\/v2\/tags?post=101881"}],"curies":[{"name":"wp","href":"https:\/\/api.w.org\/{rel}","templated":true}]}}