{"id":101895,"date":"2026-03-10T21:35:14","date_gmt":"2026-03-10T18:35:14","guid":{"rendered":"https:\/\/prizrenpost.com\/al\/kancelari-gjerman-i-kerkon-izraelit-te-heqe-dore-nga-planet-per-aneksimin-e-bregut-perendimor\/"},"modified":"2026-03-10T21:35:14","modified_gmt":"2026-03-10T18:35:14","slug":"kancelari-gjerman-i-kerkon-izraelit-te-heqe-dore-nga-planet-per-aneksimin-e-bregut-perendimor","status":"publish","type":"post","link":"https:\/\/prizrenpost.com\/al\/kancelari-gjerman-i-kerkon-izraelit-te-heqe-dore-nga-planet-per-aneksimin-e-bregut-perendimor\/","title":{"rendered":"Kancelari gjerman i k\u00ebrkon Izraelit t\u00eb heq\u00eb dor\u00eb nga planet p\u00ebr aneksimin e Bregut Per\u00ebndimor"},"content":{"rendered":"<figure class=\"post-featured-image\"><img decoding=\"async\" src=\"https:\/\/prizrenpost.com\/al\/wp-content\/uploads\/2026\/03\/merz.jpg\" alt=\"Kancelari gjerman i k\u00ebrkon Izraelit t\u00eb heq\u00eb dor\u00eb nga planet p\u00ebr aneksimin e Bregut Per\u00ebndimor\"\/><\/figure>\n<p>Kancelari gjerman, Friedrich Merz i k\u00ebrkoi Izraelit t\u00eb mart\u00ebn t\u00eb heq\u00eb dor\u00eb nga planet p\u00ebr t\u00eb aneksuar Bregun Per\u00ebndimor, duke paralajm\u00ebruar se ky veprim do t\u00eb minoj\u00eb p\u00ebrpjekjet p\u00ebr t\u00eb arritur nj\u00eb zgjidhje politike p\u00ebr konfliktin izraelito-palestinez, transmeton Anadolu.<\/p>\n<p>Duke folur n\u00eb nj\u00eb konferenc\u00eb p\u00ebr shtyp n\u00eb Berlin, Merz shprehu shqet\u00ebsim t\u00eb thell\u00eb p\u00ebr zhvillimet e fundit, duke p\u00ebrfshir\u00eb p\u00ebrpjekjen e Izraelit p\u00ebr t\u00eb zgjeruar kontrollin mbi Bregun Per\u00ebndimor dhe rritjen e vazhdueshme t\u00eb vendbanimeve t\u00eb paligjshme.<\/p>\n<p>\u201cDua ta b\u00ebj shum\u00eb t\u00eb qart\u00eb k\u00ebt\u00eb: Masat e aneksimit q\u00eb po diskutohen n\u00eb Kuds do ta nd\u00ebrlikojn\u00eb m\u00eb tej zgjidhjen me dy shtete. Qeveria gjermane b\u00ebn thirrje urgjente q\u00eb t\u00eb shmangen hapa t\u00eb till\u00eb n\u00eb lidhje me t\u00eb ashtuquajturin territor E1. Do t\u00eb jet\u00eb nj\u00eb gabim i r\u00ebnd\u00eb\u201d, tha Merz.<\/p>\n<p>Merz shtoi se, me k\u00ebrkes\u00ebn e tij, ministri i Jasht\u00ebm, Johann Wadephul, do t\u00eb udh\u00ebtoj\u00eb n\u00eb Izrael p\u00ebr t\u00eb theksuar q\u00ebndrimin e Berlinit dhe p\u00ebr t\u00eb mb\u00ebshtetur ndryshimet e politikave.<\/p>\n<p>\u201c\u00cbsht\u00eb thelb\u00ebsore q\u00eb ne evropian\u00ebt ta p\u00ebrcjellim k\u00ebt\u00eb mesazh s\u00eb bashku\u201d, theksoi kancelari gjerman.<\/p>\n<hr style=\"margin:30px 0\"\/>\n<p style=\"font-size:13px;color:#666\">Burimi: <strong>mesazhi<\/strong><\/p>\n","protected":false},"excerpt":{"rendered":"<p>Kancelari gjerman, Friedrich Merz i k\u00ebrkoi Izraelit t\u00eb mart\u00ebn t\u00eb heq\u00eb dor\u00eb nga planet p\u00ebr t\u00eb aneksuar Bregun Per\u00ebndimor, duke paralajm\u00ebruar se ky veprim do t\u00eb minoj\u00eb p\u00ebrpjekjet p\u00ebr t\u00eb arritur nj\u00eb zgjidhje politike p\u00ebr konfliktin izraelito-palestinez, transmeton Anadolu. Duke folur n\u00eb nj\u00eb konferenc\u00eb p\u00ebr shtyp n\u00eb Berlin, Merz shprehu shqet\u00ebsim t\u00eb thell\u00eb p\u00ebr zhvillimet [&hellip;]<\/p>\n","protected":false},"author":1,"featured_media":101894,"comment_status":"open","ping_status":"open","sticky":false,"template":"","format":"standard","meta":{"footnotes":""},"categories":[24],"tags":[3803],"class_list":["post-101895","post","type-post","status-publish","format-standard","has-post-thumbnail","hentry","category-bote","tag-aktuale"],"_links":{"self":[{"href":"https:\/\/prizrenpost.com\/al\/wp-json\/wp\/v2\/posts\/101895","targetHints":{"allow":["GET"]}}],"collection":[{"href":"https:\/\/prizrenpost.com\/al\/wp-json\/wp\/v2\/posts"}],"about":[{"href":"https:\/\/prizrenpost.com\/al\/wp-json\/wp\/v2\/types\/post"}],"author":[{"embeddable":true,"href":"https:\/\/prizrenpost.com\/al\/wp-json\/wp\/v2\/users\/1"}],"replies":[{"embeddable":true,"href":"https:\/\/prizrenpost.com\/al\/wp-json\/wp\/v2\/comments?post=101895"}],"version-history":[{"count":0,"href":"https:\/\/prizrenpost.com\/al\/wp-json\/wp\/v2\/posts\/101895\/revisions"}],"wp:featuredmedia":[{"embeddable":true,"href":"https:\/\/prizrenpost.com\/al\/wp-json\/wp\/v2\/media\/101894"}],"wp:attachment":[{"href":"https:\/\/prizrenpost.com\/al\/wp-json\/wp\/v2\/media?parent=101895"}],"wp:term":[{"taxonomy":"category","embeddable":true,"href":"https:\/\/prizrenpost.com\/al\/wp-json\/wp\/v2\/categories?post=101895"},{"taxonomy":"post_tag","embeddable":true,"href":"https:\/\/prizrenpost.com\/al\/wp-json\/wp\/v2\/tags?post=101895"}],"curies":[{"name":"wp","href":"https:\/\/api.w.org\/{rel}","templated":true}]}}