{"id":101897,"date":"2026-03-10T21:35:15","date_gmt":"2026-03-10T18:35:15","guid":{"rendered":"https:\/\/prizrenpost.com\/al\/lideri-i-ekstremit-te-djathte-britania-nuk-ka-nje-marine-te-afte-per-tu-bashkuar-ne-nje-lufte-te-huaj\/"},"modified":"2026-03-10T21:35:15","modified_gmt":"2026-03-10T18:35:15","slug":"lideri-i-ekstremit-te-djathte-britania-nuk-ka-nje-marine-te-afte-per-tu-bashkuar-ne-nje-lufte-te-huaj","status":"publish","type":"post","link":"https:\/\/prizrenpost.com\/al\/lideri-i-ekstremit-te-djathte-britania-nuk-ka-nje-marine-te-afte-per-tu-bashkuar-ne-nje-lufte-te-huaj\/","title":{"rendered":"Lideri i ekstremit t\u00eb djatht\u00eb: Britania \u201cnuk ka nj\u00eb marin\u00eb\u201d t\u00eb aft\u00eb p\u00ebr t\u2019u bashkuar n\u00eb nj\u00eb luft\u00eb t\u00eb huaj"},"content":{"rendered":"<figure class=\"post-featured-image\"><img decoding=\"async\" src=\"https:\/\/prizrenpost.com\/al\/wp-content\/uploads\/2026\/03\/Nigel-Farage.jpg\" alt=\"Lideri i ekstremit t\u00eb djatht\u00eb: Britania \u201cnuk ka nj\u00eb marin\u00eb\u201d t\u00eb aft\u00eb p\u00ebr t\u2019u bashkuar n\u00eb nj\u00eb luft\u00eb t\u00eb huaj\"\/><\/figure>\n<p>Lideri i ekstremit t\u00eb djatht\u00eb n\u00eb Mbret\u00ebrin\u00eb e Bashkuar, Nigel Farage, tha se vendi nuk duhet t\u00eb p\u00ebrfshihet drejtp\u00ebrdrejt n\u00eb \u201cnj\u00eb tjet\u00ebr luft\u00eb t\u00eb huaj\u201d, duke argumentuar se vendi nuk ka kapacitetin ushtarak p\u00ebr ta b\u00ebr\u00eb k\u00ebt\u00eb, raporton Anadolu.<\/p>\n<p>Duke folur n\u00eb nj\u00eb konferenc\u00eb p\u00ebr shtyp t\u00eb \u201cReform UK\u201d, Farage tha se Britania aktualisht nuk ka kapacitet detar p\u00ebr t\u00eb marr\u00eb pjes\u00eb n\u00eb operacione ushtarake s\u00eb bashku me SHBA-n\u00eb dhe Izraelin.<\/p>\n<p>\u201cNe nuk mund t\u00eb p\u00ebrfshihemi drejtp\u00ebrdrejt n\u00eb nj\u00eb tjet\u00ebr luft\u00eb t\u00eb huaj. Ne nuk kemi nj\u00eb marin\u00eb\u201d, tha ai.<\/p>\n<p>Farage gjithashtu vuri n\u00eb dyshim aft\u00ebsin\u00eb e Mbret\u00ebris\u00eb s\u00eb Bashkuar p\u00ebr t\u00eb mbrojtur pranin\u00eb e saj ushtarake jasht\u00eb vendit, duke iu referuar baz\u00ebs britanike n\u00eb Qipro. \u201cNe nuk mund t\u00eb mbrojm\u00eb as baz\u00ebn ton\u00eb ushtarake n\u00eb Qipro\u201d, tha ai.<\/p>\n<p>\u201cDuke qen\u00eb se ne nuk mund t\u00eb d\u00ebrgojm\u00eb as nj\u00eb anije t\u00eb Marin\u00ebs Mbret\u00ebrore p\u00ebr t\u00eb mbrojtur territorin sovran britanik dhe nj\u00eb baz\u00eb t\u00eb RAF-it, sigurisht q\u00eb nuk kemi kapacitetin p\u00ebr t\u00eb ofruar di\u00e7ka me vler\u00eb p\u00ebr amerikan\u00ebt apo izraelit\u00ebt\u201d, tha ai.<\/p>\n<p>Ai e p\u00ebrshkroi gjendjen e Marin\u00ebs Mbret\u00ebrore si nj\u00eb \u201ckatastrof\u00eb\u201d.<\/p>\n<p>Farage gjithashtu kritikoi reagimin e qeveris\u00eb ndaj situat\u00ebs n\u00eb Iran, duke th\u00ebn\u00eb se p\u00ebrpjekjet p\u00ebr evakuim jan\u00eb t\u00eb kufizuara.<\/p>\n<p>\u201cMendoj se deri tani qeveria ka pasur nj\u00eb avion \u00e7arter, dhe edhe ai u prish dhe ishte 24 or\u00eb me vones\u00eb\u201d, shtoi ai.<\/p>\n<p>Pavar\u00ebsisht se argumentoi se Mbret\u00ebria e Bashkuar nuk duhet t\u2019i bashkohet veprimeve ushtarake, Farage tha se nuk pajtohet fort me refuzimin fillestar t\u00eb kryeministrit Keir Starmer p\u00ebr t\u00eb lejuar SHBA-n\u00eb t\u00eb p\u00ebrdor\u00eb bazat britanike p\u00ebr ofensiv\u00ebn e saj t\u00eb p\u00ebrbashk\u00ebt me Izraelin kund\u00ebr Iranit.<\/p>\n<p>Ai e krahasoi qasjen e Mbret\u00ebris\u00eb s\u00eb Bashkuar me at\u00eb t\u00eb Franc\u00ebs, duke th\u00ebn\u00eb se veprimet e presidentit francez Emmanuel Macron dhe q\u00ebllimi i tij p\u00ebr t\u00eb ndihmuar n\u00eb pastrimin e Ngushtic\u00ebs s\u00eb Hormuzit tregojn\u00eb \u201cgjendjen posht\u00ebruese n\u00eb t\u00eb cil\u00ebn kemi r\u00ebn\u00eb sot\u201d.<\/p>\n<p>Farage pranoi se ka pik\u00ebpamje t\u00eb ndryshme n\u00ebse Britania duhet t\u2019i bashkohet sulmeve.<\/p>\n<p>\u201cPra, ka mendime t\u00eb ndryshme n\u00ebse ne duhet t\u2019u bashkohemi fizikisht sulmeve. Un\u00eb, si lider, po ju them se n\u00ebse nuk mund t\u00eb mbrojm\u00eb as Qipron (greke), le t\u00eb mos p\u00ebrfshihemi n\u00eb nj\u00eb tjet\u00ebr luft\u00eb t\u00eb huaj\u201d, tha ai.<\/p>\n<p>Muajin e kaluar, kryeministri britanik Keir Starmer tha se Mbret\u00ebria e Bashkuar duhet t\u00eb \u201cec\u00eb m\u00eb shpejt\u201d n\u00eb rritjen e shpenzimeve p\u00ebr mbrojtjen, pas raporteve se qeveria po shqyrton nj\u00eb p\u00ebrshpejtim t\u00eb konsideruesh\u00ebm t\u00eb objektivave t\u00eb saj p\u00ebr financimin ushtarak.<\/p>\n<p>Aktualisht, Mbret\u00ebria e Bashkuar shpenzon rreth 2,3 p\u00ebr qind deri n\u00eb 2,4 p\u00ebr qind t\u00eb PBB-s\u00eb s\u00eb saj p\u00ebr mbrojtjen.<\/p>\n<p>Nd\u00ebrsa kjo tejkalon me leht\u00ebsi minimumin prej 2 p\u00ebr qind t\u00eb NATO-s q\u00eb ka qen\u00eb prej koh\u00ebsh n\u00eb fuqi, ajo mbetet pas disa shteteve t\u00eb vij\u00ebs s\u00eb par\u00eb si Polonia, Estonia dhe SHBA-ja.<\/p>\n<p>Sipas nj\u00eb raporti t\u00eb Komitetit t\u00eb P\u00ebrzgjedhur p\u00ebr Mbrojtjen n\u00eb Dhom\u00ebn e Komuneve, t\u00eb publikuar vitin e kaluar, Mbret\u00ebria e Bashkuar \u201cnuk ka plan p\u00ebr mbrojtjen e atdheut\u201d dhe po d\u00ebshton t\u00eb p\u00ebrgatitet p\u00ebr k\u00ebrc\u00ebnimet globale n\u00eb rritje.<\/p>\n<p>Nd\u00ebrsa Mbret\u00ebria e Bashkuar mbetet nj\u00eb fuqi kryesore ushtarake evropiane, aft\u00ebsia e saj p\u00ebr ta ruajtur k\u00ebt\u00eb pozit\u00eb \u00ebsht\u00eb \u201cn\u00ebn presion\u201d, thuhet n\u00eb raport.<\/p>\n<p>Raporti paralajm\u00ebroi se NATO \u2013 e p\u00ebrshkruar si \u201cgurthemeli i politik\u00ebs s\u00eb mbrojtjes s\u00eb Mbret\u00ebris\u00eb s\u00eb Bashkuar\u201d \u2013 p\u00ebrballet me sfida nga \u201cagresioni rus\u201d, ndryshimi i prioriteteve t\u00eb SHBA-s\u00eb dhe \u201ck\u00ebrc\u00ebnimet sistemike t\u00eb paraqitura nga Kina, Irani dhe Koreja e Veriut\u201d.<\/p>\n<hr style=\"margin:30px 0\"\/>\n<p style=\"font-size:13px;color:#666\">Burimi: <strong>mesazhi<\/strong><\/p>\n","protected":false},"excerpt":{"rendered":"<p>Lideri i ekstremit t\u00eb djatht\u00eb n\u00eb Mbret\u00ebrin\u00eb e Bashkuar, Nigel Farage, tha se vendi nuk duhet t\u00eb p\u00ebrfshihet drejtp\u00ebrdrejt n\u00eb \u201cnj\u00eb tjet\u00ebr luft\u00eb t\u00eb huaj\u201d, duke argumentuar se vendi nuk ka kapacitetin ushtarak p\u00ebr ta b\u00ebr\u00eb k\u00ebt\u00eb, raporton Anadolu. Duke folur n\u00eb nj\u00eb konferenc\u00eb p\u00ebr shtyp t\u00eb \u201cReform UK\u201d, Farage tha se Britania aktualisht nuk [&hellip;]<\/p>\n","protected":false},"author":1,"featured_media":101896,"comment_status":"open","ping_status":"open","sticky":false,"template":"","format":"standard","meta":{"footnotes":""},"categories":[24],"tags":[3803],"class_list":["post-101897","post","type-post","status-publish","format-standard","has-post-thumbnail","hentry","category-bote","tag-aktuale"],"_links":{"self":[{"href":"https:\/\/prizrenpost.com\/al\/wp-json\/wp\/v2\/posts\/101897","targetHints":{"allow":["GET"]}}],"collection":[{"href":"https:\/\/prizrenpost.com\/al\/wp-json\/wp\/v2\/posts"}],"about":[{"href":"https:\/\/prizrenpost.com\/al\/wp-json\/wp\/v2\/types\/post"}],"author":[{"embeddable":true,"href":"https:\/\/prizrenpost.com\/al\/wp-json\/wp\/v2\/users\/1"}],"replies":[{"embeddable":true,"href":"https:\/\/prizrenpost.com\/al\/wp-json\/wp\/v2\/comments?post=101897"}],"version-history":[{"count":0,"href":"https:\/\/prizrenpost.com\/al\/wp-json\/wp\/v2\/posts\/101897\/revisions"}],"wp:featuredmedia":[{"embeddable":true,"href":"https:\/\/prizrenpost.com\/al\/wp-json\/wp\/v2\/media\/101896"}],"wp:attachment":[{"href":"https:\/\/prizrenpost.com\/al\/wp-json\/wp\/v2\/media?parent=101897"}],"wp:term":[{"taxonomy":"category","embeddable":true,"href":"https:\/\/prizrenpost.com\/al\/wp-json\/wp\/v2\/categories?post=101897"},{"taxonomy":"post_tag","embeddable":true,"href":"https:\/\/prizrenpost.com\/al\/wp-json\/wp\/v2\/tags?post=101897"}],"curies":[{"name":"wp","href":"https:\/\/api.w.org\/{rel}","templated":true}]}}