{"id":101899,"date":"2026-03-10T21:35:21","date_gmt":"2026-03-10T18:35:21","guid":{"rendered":"https:\/\/prizrenpost.com\/al\/real-madridi-ve-ne-shenjester-cesc-fabregas-per-stolin-e-sezonit-te-ardhshem\/"},"modified":"2026-03-10T21:35:21","modified_gmt":"2026-03-10T18:35:21","slug":"real-madridi-ve-ne-shenjester-cesc-fabregas-per-stolin-e-sezonit-te-ardhshem","status":"publish","type":"post","link":"https:\/\/prizrenpost.com\/al\/real-madridi-ve-ne-shenjester-cesc-fabregas-per-stolin-e-sezonit-te-ardhshem\/","title":{"rendered":"Real Madridi v\u00eb n\u00eb sh\u00ebnjest\u00ebr Cesc F\u00e0bregas p\u00ebr stolin e sezonit t\u00eb ardhsh\u00ebm"},"content":{"rendered":"<figure class=\"post-featured-image\"><img decoding=\"async\" src=\"https:\/\/prizrenpost.com\/al\/wp-content\/uploads\/2026\/03\/cesc-fabregas-e1773166719244.jpg\" alt=\"Real Madridi v\u00eb n\u00eb sh\u00ebnjest\u00ebr Cesc F\u00e0bregas p\u00ebr stolin e sezonit t\u00eb ardhsh\u00ebm\"\/><\/figure>\n<p>Real Madridi po vazhdon k\u00ebrkimet p\u00ebr trajnerin q\u00eb do ta drejtoj\u00eb skuadr\u00ebn n\u00eb sezonin e ardhsh\u00ebm, pasi drejtuesit e klubit ende nuk jan\u00eb plot\u00ebsisht t\u00eb bindur me pun\u00ebn e Alvaro Arbeloas, i cili aktualisht \u00ebsht\u00eb n\u00eb rolin e trajnerit t\u00eb p\u00ebrkohsh\u00ebm.<\/p>\n<p>Arbeloa mori drejtimin e ekipit pas largimit t\u00eb Xabi Alonsos, por sipas mediave spanjolle, drejtuesit e \u201cLos Blancos\u201d po shqyrtojn\u00eb edhe alternativa t\u00eb tjera p\u00ebr bankin\u00ebn madrilene.<\/p>\n<p>Nj\u00eb nga emrat q\u00eb po ndiqet me interes \u00ebsht\u00eb ai i Cesc Fabregas. Ish-mesfushori spanjoll ka t\u00ebrhequr v\u00ebmendjen e drejtuesve t\u00eb Real Madridit p\u00ebr etik\u00ebn e tij t\u00eb pun\u00ebs, filozofin\u00eb moderne t\u00eb loj\u00ebs dhe m\u00ebnyr\u00ebn e komunikimit me lojtar\u00ebt.<\/p>\n<p>Aktualisht, 38-vje\u00e7ari \u00ebsht\u00eb duke kaluar nj\u00eb sezon shum\u00eb t\u00eb mir\u00eb n\u00eb krye t\u00eb Comos, ku skuadra e tij renditet n\u00eb vendin e kat\u00ebrt n\u00eb Serie A me 51 pik\u00eb pas 28 ndeshjeve.<\/p>\n<p>Paraqitjet pozitive t\u00eb Comos n\u00ebn drejtimin e Fabregasit kan\u00eb b\u00ebr\u00eb q\u00eb emri i tij t\u00eb p\u00ebrmendet si nj\u00eb nga kandidat\u00ebt e mundsh\u00ebm p\u00ebr t\u00eb marr\u00eb drejtimin e Real Madridit n\u00eb t\u00eb ardhmen.\/04 Online<\/p>\n<hr style=\"margin:30px 0\"\/>\n<p style=\"font-size:13px;color:#666\">Burimi: <strong>04online<\/strong><\/p>\n","protected":false},"excerpt":{"rendered":"<p>Real Madridi po vazhdon k\u00ebrkimet p\u00ebr trajnerin q\u00eb do ta drejtoj\u00eb skuadr\u00ebn n\u00eb sezonin e ardhsh\u00ebm, pasi drejtuesit e klubit ende nuk jan\u00eb plot\u00ebsisht t\u00eb bindur me pun\u00ebn e Alvaro Arbeloas, i cili aktualisht \u00ebsht\u00eb n\u00eb rolin e trajnerit t\u00eb p\u00ebrkohsh\u00ebm. Arbeloa mori drejtimin e ekipit pas largimit t\u00eb Xabi Alonsos, por sipas mediave spanjolle, [&hellip;]<\/p>\n","protected":false},"author":1,"featured_media":101898,"comment_status":"open","ping_status":"open","sticky":false,"template":"","format":"standard","meta":{"footnotes":""},"categories":[7],"tags":[],"class_list":["post-101899","post","type-post","status-publish","format-standard","has-post-thumbnail","hentry","category-sport"],"_links":{"self":[{"href":"https:\/\/prizrenpost.com\/al\/wp-json\/wp\/v2\/posts\/101899","targetHints":{"allow":["GET"]}}],"collection":[{"href":"https:\/\/prizrenpost.com\/al\/wp-json\/wp\/v2\/posts"}],"about":[{"href":"https:\/\/prizrenpost.com\/al\/wp-json\/wp\/v2\/types\/post"}],"author":[{"embeddable":true,"href":"https:\/\/prizrenpost.com\/al\/wp-json\/wp\/v2\/users\/1"}],"replies":[{"embeddable":true,"href":"https:\/\/prizrenpost.com\/al\/wp-json\/wp\/v2\/comments?post=101899"}],"version-history":[{"count":0,"href":"https:\/\/prizrenpost.com\/al\/wp-json\/wp\/v2\/posts\/101899\/revisions"}],"wp:featuredmedia":[{"embeddable":true,"href":"https:\/\/prizrenpost.com\/al\/wp-json\/wp\/v2\/media\/101898"}],"wp:attachment":[{"href":"https:\/\/prizrenpost.com\/al\/wp-json\/wp\/v2\/media?parent=101899"}],"wp:term":[{"taxonomy":"category","embeddable":true,"href":"https:\/\/prizrenpost.com\/al\/wp-json\/wp\/v2\/categories?post=101899"},{"taxonomy":"post_tag","embeddable":true,"href":"https:\/\/prizrenpost.com\/al\/wp-json\/wp\/v2\/tags?post=101899"}],"curies":[{"name":"wp","href":"https:\/\/api.w.org\/{rel}","templated":true}]}}