{"id":101901,"date":"2026-03-10T21:50:08","date_gmt":"2026-03-10T18:50:08","guid":{"rendered":"https:\/\/prizrenpost.com\/al\/nato-vazhdon-te-jete-e-gatshme-te-mbrohet-nga-cdo-kercenim\/"},"modified":"2026-03-10T21:50:08","modified_gmt":"2026-03-10T18:50:08","slug":"nato-vazhdon-te-jete-e-gatshme-te-mbrohet-nga-cdo-kercenim","status":"publish","type":"post","link":"https:\/\/prizrenpost.com\/al\/nato-vazhdon-te-jete-e-gatshme-te-mbrohet-nga-cdo-kercenim\/","title":{"rendered":"NATO \u201cvazhdon t\u00eb jet\u00eb e gatshme\u201d t\u00eb mbrohet nga \u00e7do k\u00ebrc\u00ebnim"},"content":{"rendered":"<figure class=\"post-featured-image\"><img decoding=\"async\" src=\"https:\/\/prizrenpost.com\/al\/wp-content\/uploads\/2026\/03\/nato-otan.jpg\" alt=\"NATO \u201cvazhdon t\u00eb jet\u00eb e gatshme\u201d t\u00eb mbrohet nga \u00e7do k\u00ebrc\u00ebnim\"\/><\/figure>\n<p>NATO tha p\u00ebr Agjencin\u00eb Anadolu t\u00eb mart\u00ebn se \u00ebsht\u00eb e p\u00ebrgatitur t\u00eb mbrohet nga k\u00ebrc\u00ebnimet nga \u00e7do drejtim dhe do t\u00eb vazhdoj\u00eb t\u00eb p\u00ebrshtas\u00eb q\u00ebndrimin e saj t\u00eb mbrojtjes nga raketat balistike p\u00ebr t\u2019u p\u00ebrballur me sfidat n\u00eb zhvillim t\u00eb siguris\u00eb.<\/p>\n<p>\u201cNATO vazhdon t\u00eb jet\u00eb e gatshme t\u00eb mbrohet nga \u00e7do k\u00ebrc\u00ebnim, nga \u00e7do drejtim. Nuk mund t\u00eb hyjm\u00eb n\u00eb detaje operacionale, por do t\u00eb vazhdojm\u00eb t\u00eb p\u00ebrshtatim q\u00ebndrimin ton\u00eb t\u00eb mbrojtjes nga raketat balistike ndaj k\u00ebrc\u00ebnimeve n\u00eb zhvillim\u201d, tha nj\u00eb zyrtar.<\/p>\n<p>Komentet erdh\u00ebn pasi Ministria turke e Mbrojtjes Komb\u00ebtare tha se, n\u00eb p\u00ebrgjigje t\u00eb zhvillimeve t\u00eb fundit n\u00eb rajon, po merren masa p\u00ebr t\u00eb siguruar kufijt\u00eb dhe hap\u00ebsir\u00ebn ajrore t\u00eb vendit se dhe po vazhdojn\u00eb konsultimet me NATO-n dhe vendet aleate.<\/p>\n<p>Ajo shtoi se, krahas masave paraprake komb\u00ebtare, NATO ka rritur masat e mbrojtjes ajrore dhe raketore dhe se nj\u00eb Sistem Patriot \u00ebsht\u00eb vendosur n\u00eb Malatya p\u00ebr t\u00eb mb\u00ebshtetur mbrojtjen e hap\u00ebsir\u00ebs ajrore turke.<\/p>\n<hr style=\"margin:30px 0\"\/>\n<p style=\"font-size:13px;color:#666\">Burimi: <strong>mesazhi<\/strong><\/p>\n","protected":false},"excerpt":{"rendered":"<p>NATO tha p\u00ebr Agjencin\u00eb Anadolu t\u00eb mart\u00ebn se \u00ebsht\u00eb e p\u00ebrgatitur t\u00eb mbrohet nga k\u00ebrc\u00ebnimet nga \u00e7do drejtim dhe do t\u00eb vazhdoj\u00eb t\u00eb p\u00ebrshtas\u00eb q\u00ebndrimin e saj t\u00eb mbrojtjes nga raketat balistike p\u00ebr t\u2019u p\u00ebrballur me sfidat n\u00eb zhvillim t\u00eb siguris\u00eb. \u201cNATO vazhdon t\u00eb jet\u00eb e gatshme t\u00eb mbrohet nga \u00e7do k\u00ebrc\u00ebnim, nga \u00e7do drejtim. [&hellip;]<\/p>\n","protected":false},"author":1,"featured_media":101900,"comment_status":"open","ping_status":"open","sticky":false,"template":"","format":"standard","meta":{"footnotes":""},"categories":[24],"tags":[3803],"class_list":["post-101901","post","type-post","status-publish","format-standard","has-post-thumbnail","hentry","category-bote","tag-aktuale"],"_links":{"self":[{"href":"https:\/\/prizrenpost.com\/al\/wp-json\/wp\/v2\/posts\/101901","targetHints":{"allow":["GET"]}}],"collection":[{"href":"https:\/\/prizrenpost.com\/al\/wp-json\/wp\/v2\/posts"}],"about":[{"href":"https:\/\/prizrenpost.com\/al\/wp-json\/wp\/v2\/types\/post"}],"author":[{"embeddable":true,"href":"https:\/\/prizrenpost.com\/al\/wp-json\/wp\/v2\/users\/1"}],"replies":[{"embeddable":true,"href":"https:\/\/prizrenpost.com\/al\/wp-json\/wp\/v2\/comments?post=101901"}],"version-history":[{"count":0,"href":"https:\/\/prizrenpost.com\/al\/wp-json\/wp\/v2\/posts\/101901\/revisions"}],"wp:featuredmedia":[{"embeddable":true,"href":"https:\/\/prizrenpost.com\/al\/wp-json\/wp\/v2\/media\/101900"}],"wp:attachment":[{"href":"https:\/\/prizrenpost.com\/al\/wp-json\/wp\/v2\/media?parent=101901"}],"wp:term":[{"taxonomy":"category","embeddable":true,"href":"https:\/\/prizrenpost.com\/al\/wp-json\/wp\/v2\/categories?post=101901"},{"taxonomy":"post_tag","embeddable":true,"href":"https:\/\/prizrenpost.com\/al\/wp-json\/wp\/v2\/tags?post=101901"}],"curies":[{"name":"wp","href":"https:\/\/api.w.org\/{rel}","templated":true}]}}