{"id":102146,"date":"2026-03-12T14:50:08","date_gmt":"2026-03-12T11:50:08","guid":{"rendered":"https:\/\/prizrenpost.com\/al\/kqz-parashikon-mundesine-e-zgjedhjeve-te-jashtezakonshme\/"},"modified":"2026-03-12T14:50:08","modified_gmt":"2026-03-12T11:50:08","slug":"kqz-parashikon-mundesine-e-zgjedhjeve-te-jashtezakonshme","status":"publish","type":"post","link":"https:\/\/prizrenpost.com\/al\/kqz-parashikon-mundesine-e-zgjedhjeve-te-jashtezakonshme\/","title":{"rendered":"KQZ parashikon mund\u00ebsin\u00eb e zgjedhjeve t\u00eb jasht\u00ebzakonshme"},"content":{"rendered":"<figure class=\"post-featured-image\"><img decoding=\"async\" src=\"https:\/\/prizrenpost.com\/al\/wp-content\/uploads\/2026\/01\/prizrenpostog-og.jpg\" alt=\"KQZ parashikon mund\u00ebsin\u00eb e zgjedhjeve t\u00eb jasht\u00ebzakonshme\"\/><\/figure>\n<p>Komisioni Qendror i Zgjedhjeve, si rrall\u00ebher\u00eb, ka parashikuar mund\u00ebsin\u00eb q\u00eb vendi t\u00eb shkoj\u00eb n\u00eb zgjedhje t\u00eb parakohshme apo t\u00eb jasht\u00ebzakonshme p\u00ebr shkak t\u00eb situat\u00ebs aktuale politike.<\/p>\n<p>Ky parashikim i KQZ-s\u00eb \u00ebsht\u00eb paraqitur n\u00eb planin e pun\u00ebs s\u00eb KQZ-s\u00eb p\u00ebr vitin 2026, q\u00eb pritet t\u00eb miratohet n\u00eb mbledhjen e dit\u00ebs s\u00eb enjte, m\u00eb 12 mars.<\/p>\n<p>\u201cMbajtja e zgjedhjeve t\u00eb parakohshme apo t\u00eb jasht\u00ebzakonshme pamund\u00ebsojn\u00eb realizimin e pjes\u00ebs d\u00ebrmuese t\u00eb aktiviteteve t\u00eb planifikuara, p\u00ebrve\u00e7 atyre q\u00eb p\u00ebrb\u00ebjn\u00eb obligime ligjore q\u00eb nd\u00ebrlidhen me raportimin ose q\u00eb burojn\u00eb nga ligjet e tjera n\u00eb fuqi\u201d, thuhet n\u00eb k\u00ebt\u00eb dokument.<\/p>\n<hr style=\"margin:30px 0\"\/>\n<p style=\"font-size:13px;color:#666\">Burimi: <strong>mesazhi<\/strong><\/p>\n","protected":false},"excerpt":{"rendered":"<p>Komisioni Qendror i Zgjedhjeve, si rrall\u00ebher\u00eb, ka parashikuar mund\u00ebsin\u00eb q\u00eb vendi t\u00eb shkoj\u00eb n\u00eb zgjedhje t\u00eb parakohshme apo t\u00eb jasht\u00ebzakonshme p\u00ebr shkak t\u00eb situat\u00ebs aktuale politike. Ky parashikim i KQZ-s\u00eb \u00ebsht\u00eb paraqitur n\u00eb planin e pun\u00ebs s\u00eb KQZ-s\u00eb p\u00ebr vitin 2026, q\u00eb pritet t\u00eb miratohet n\u00eb mbledhjen e dit\u00ebs s\u00eb enjte, m\u00eb 12 mars. \u201cMbajtja [&hellip;]<\/p>\n","protected":false},"author":1,"featured_media":94304,"comment_status":"open","ping_status":"open","sticky":false,"template":"","format":"standard","meta":{"footnotes":""},"categories":[14],"tags":[3803],"class_list":["post-102146","post","type-post","status-publish","format-standard","has-post-thumbnail","hentry","category-kombetare","tag-aktuale"],"_links":{"self":[{"href":"https:\/\/prizrenpost.com\/al\/wp-json\/wp\/v2\/posts\/102146","targetHints":{"allow":["GET"]}}],"collection":[{"href":"https:\/\/prizrenpost.com\/al\/wp-json\/wp\/v2\/posts"}],"about":[{"href":"https:\/\/prizrenpost.com\/al\/wp-json\/wp\/v2\/types\/post"}],"author":[{"embeddable":true,"href":"https:\/\/prizrenpost.com\/al\/wp-json\/wp\/v2\/users\/1"}],"replies":[{"embeddable":true,"href":"https:\/\/prizrenpost.com\/al\/wp-json\/wp\/v2\/comments?post=102146"}],"version-history":[{"count":0,"href":"https:\/\/prizrenpost.com\/al\/wp-json\/wp\/v2\/posts\/102146\/revisions"}],"wp:featuredmedia":[{"embeddable":true,"href":"https:\/\/prizrenpost.com\/al\/wp-json\/wp\/v2\/media\/94304"}],"wp:attachment":[{"href":"https:\/\/prizrenpost.com\/al\/wp-json\/wp\/v2\/media?parent=102146"}],"wp:term":[{"taxonomy":"category","embeddable":true,"href":"https:\/\/prizrenpost.com\/al\/wp-json\/wp\/v2\/categories?post=102146"},{"taxonomy":"post_tag","embeddable":true,"href":"https:\/\/prizrenpost.com\/al\/wp-json\/wp\/v2\/tags?post=102146"}],"curies":[{"name":"wp","href":"https:\/\/api.w.org\/{rel}","templated":true}]}}