{"id":102147,"date":"2026-03-12T14:50:09","date_gmt":"2026-03-12T11:50:09","guid":{"rendered":"https:\/\/prizrenpost.com\/al\/ikshpk-ndotja-e-ajrit-ne-kosove-mbetet-shqetesuese-prishtina-me-e-prekura\/"},"modified":"2026-03-12T14:50:09","modified_gmt":"2026-03-12T11:50:09","slug":"ikshpk-ndotja-e-ajrit-ne-kosove-mbetet-shqetesuese-prishtina-me-e-prekura","status":"publish","type":"post","link":"https:\/\/prizrenpost.com\/al\/ikshpk-ndotja-e-ajrit-ne-kosove-mbetet-shqetesuese-prishtina-me-e-prekura\/","title":{"rendered":"IKSHPK: Ndotja e ajrit n\u00eb Kosov\u00eb mbetet shqet\u00ebsuese, Prishtina m\u00eb e prekura"},"content":{"rendered":"<figure class=\"post-featured-image\"><img decoding=\"async\" src=\"https:\/\/prizrenpost.com\/al\/wp-content\/uploads\/2026\/01\/prizrenpostog-og.jpg\" alt=\"IKSHPK: Ndotja e ajrit n\u00eb Kosov\u00eb mbetet shqet\u00ebsuese, Prishtina m\u00eb e prekura\"\/><\/figure>\n<p>Instituti Komb\u00ebtar i Sh\u00ebndet\u00ebsis\u00eb Publike t\u00eb Kosov\u00ebs (IKSHPK) ka vler\u00ebsuar se ndotja e ajrit n\u00eb vend vazhdon t\u00eb jet\u00eb problem serioz q\u00eb ndikon drejtp\u00ebrdrejt n\u00eb sh\u00ebndetin e qytetar\u00ebve.<\/p>\n<p>N\u00eb raportin vjetor p\u00ebr vitin 2025, Instituti thekson se cil\u00ebsia e ajrit n\u00eb Kosov\u00eb shpesh tejkalon nivelet e lejuara, nd\u00ebrsa Prishtina \u00ebsht\u00eb identifikuar si qyteti m\u00eb i ndotur. Sipas raportit, ndotja e ajrit lidhet me rritjen e s\u00ebmundjeve kardiovaskulare dhe t\u00eb frym\u00ebmarrjes, si dhe me shtimin e rasteve t\u00eb vdekshm\u00ebris\u00eb s\u00eb parakohshme.<\/p>\n<p>T\u00eb dh\u00ebnat nga 12 stacione monitoruese t\u00eb Institutit Hidrometeorologjik tregojn\u00eb se nivele t\u00eb larta t\u00eb grimcave PM10 dhe PM2.5 jan\u00eb regjistruar n\u00eb disa qytete, p\u00ebrfshir\u00eb Prishtin\u00ebn, Drenasin, Mitrovic\u00ebn, Hanin e Elezit, Obiliqin dhe Gjilanin.<\/p>\n<p>IKSHPK ka paralajm\u00ebruar se, n\u00ebse nuk nd\u00ebrmerren masa urgjente, pasojat n\u00eb sh\u00ebndetin publik mund t\u00eb p\u00ebrkeq\u00ebsohen. Si masa kryesore rekomandohen forcimi i kontrollit teknik t\u00eb automjeteve, ndalimi i p\u00ebrdorimit t\u00eb th\u00ebngjillit p\u00ebr ngrohje, monitorimi i filtrave t\u00eb termocentraleve, p\u00ebrdorimi m\u00eb i madh i transportit publik dhe shtimi i hap\u00ebsirave t\u00eb gjelb\u00ebruara.<\/p>\n<p>Sipas raportit, gjat\u00eb vitit 2025 jan\u00eb regjistruar tejkalime t\u00eb konsiderueshme t\u00eb grimcave PM10, sidomos n\u00eb muajt e dimrit, kur edhe \u00ebsht\u00eb v\u00ebrejtur rritje e vizitave dhe pranimeve n\u00eb spitale p\u00ebr probleme me frym\u00ebmarrjen.<\/p>\n<hr style=\"margin:30px 0\"\/>\n<p style=\"font-size:13px;color:#666\">Burimi: <strong>mesazhi<\/strong><\/p>\n","protected":false},"excerpt":{"rendered":"<p>Instituti Komb\u00ebtar i Sh\u00ebndet\u00ebsis\u00eb Publike t\u00eb Kosov\u00ebs (IKSHPK) ka vler\u00ebsuar se ndotja e ajrit n\u00eb vend vazhdon t\u00eb jet\u00eb problem serioz q\u00eb ndikon drejtp\u00ebrdrejt n\u00eb sh\u00ebndetin e qytetar\u00ebve. N\u00eb raportin vjetor p\u00ebr vitin 2025, Instituti thekson se cil\u00ebsia e ajrit n\u00eb Kosov\u00eb shpesh tejkalon nivelet e lejuara, nd\u00ebrsa Prishtina \u00ebsht\u00eb identifikuar si qyteti m\u00eb i [&hellip;]<\/p>\n","protected":false},"author":1,"featured_media":94304,"comment_status":"open","ping_status":"open","sticky":false,"template":"","format":"standard","meta":{"footnotes":""},"categories":[14],"tags":[3803],"class_list":["post-102147","post","type-post","status-publish","format-standard","has-post-thumbnail","hentry","category-kombetare","tag-aktuale"],"_links":{"self":[{"href":"https:\/\/prizrenpost.com\/al\/wp-json\/wp\/v2\/posts\/102147","targetHints":{"allow":["GET"]}}],"collection":[{"href":"https:\/\/prizrenpost.com\/al\/wp-json\/wp\/v2\/posts"}],"about":[{"href":"https:\/\/prizrenpost.com\/al\/wp-json\/wp\/v2\/types\/post"}],"author":[{"embeddable":true,"href":"https:\/\/prizrenpost.com\/al\/wp-json\/wp\/v2\/users\/1"}],"replies":[{"embeddable":true,"href":"https:\/\/prizrenpost.com\/al\/wp-json\/wp\/v2\/comments?post=102147"}],"version-history":[{"count":0,"href":"https:\/\/prizrenpost.com\/al\/wp-json\/wp\/v2\/posts\/102147\/revisions"}],"wp:featuredmedia":[{"embeddable":true,"href":"https:\/\/prizrenpost.com\/al\/wp-json\/wp\/v2\/media\/94304"}],"wp:attachment":[{"href":"https:\/\/prizrenpost.com\/al\/wp-json\/wp\/v2\/media?parent=102147"}],"wp:term":[{"taxonomy":"category","embeddable":true,"href":"https:\/\/prizrenpost.com\/al\/wp-json\/wp\/v2\/categories?post=102147"},{"taxonomy":"post_tag","embeddable":true,"href":"https:\/\/prizrenpost.com\/al\/wp-json\/wp\/v2\/tags?post=102147"}],"curies":[{"name":"wp","href":"https:\/\/api.w.org\/{rel}","templated":true}]}}