{"id":102162,"date":"2026-03-12T16:15:09","date_gmt":"2026-03-12T13:15:09","guid":{"rendered":"https:\/\/prizrenpost.com\/al\/turqia-veprimet-e-greqise-per-statusin-e-ishujve-shkelin-traktatet-dhe-demtojne-marredheniet-fqinjesore\/"},"modified":"2026-03-12T16:15:09","modified_gmt":"2026-03-12T13:15:09","slug":"turqia-veprimet-e-greqise-per-statusin-e-ishujve-shkelin-traktatet-dhe-demtojne-marredheniet-fqinjesore","status":"publish","type":"post","link":"https:\/\/prizrenpost.com\/al\/turqia-veprimet-e-greqise-per-statusin-e-ishujve-shkelin-traktatet-dhe-demtojne-marredheniet-fqinjesore\/","title":{"rendered":"Turqia: Veprimet e Greqis\u00eb p\u00ebr statusin e ishujve shkelin traktatet dhe d\u00ebmtojn\u00eb marr\u00ebdh\u00ebniet fqinj\u00ebsore"},"content":{"rendered":"<figure class=\"post-featured-image\"><img decoding=\"async\" src=\"https:\/\/prizrenpost.com\/al\/wp-content\/uploads\/2026\/03\/Turqia.jpg\" alt=\"Turqia: Veprimet e Greqis\u00eb p\u00ebr statusin e ishujve shkelin traktatet dhe d\u00ebmtojn\u00eb marr\u00ebdh\u00ebniet fqinj\u00ebsore\"\/><\/figure>\n<p>Ministria e Mbrojtjes Komb\u00ebtare e Turqis\u00eb tha se veprimet e Greqis\u00eb lidhur me statusin e disa ishujve shkelin traktatet ekzistuese dhe minojn\u00eb marr\u00ebdh\u00ebniet dypal\u00ebshe fqinj\u00ebsore, transmeton Anadolu.<\/p>\n<p>Ministria n\u00eb nj\u00eb deklarat\u00eb tha se nismat e Greqis\u00eb n\u00eb lidhje me statusin e ishujve bien n\u00eb kund\u00ebrshtim me marr\u00ebveshjet q\u00eb jan\u00eb p\u00ebrfunduar n\u00eb m\u00ebnyr\u00eb t\u00eb rregullt sipas t\u00eb drejt\u00ebs nd\u00ebrkomb\u00ebtare.<\/p>\n<p>\u201cVeprimet e Greqis\u00eb q\u00eb shkelin statusin e ishujve sipas traktateve ekzistuese jan\u00eb t\u00eb paligjshme dhe d\u00ebmtojn\u00eb marr\u00ebdh\u00ebniet dypal\u00ebshe fqinj\u00ebsore\u201d, thuhet n\u00eb deklarat\u00eb, duke shtuar: \u201cTurqia kund\u00ebrshton l\u00ebvizjet e Greqis\u00eb q\u00eb nuk i sh\u00ebrbejn\u00eb q\u00ebllimit t\u00eb duhur dhe shfryt\u00ebzimin e krizave rajonale dhe ka marr\u00eb masat e nevojshme\u201d.<\/p>\n<hr style=\"margin:30px 0\"\/>\n<p style=\"font-size:13px;color:#666\">Burimi: <strong>mesazhi<\/strong><\/p>\n","protected":false},"excerpt":{"rendered":"<p>Ministria e Mbrojtjes Komb\u00ebtare e Turqis\u00eb tha se veprimet e Greqis\u00eb lidhur me statusin e disa ishujve shkelin traktatet ekzistuese dhe minojn\u00eb marr\u00ebdh\u00ebniet dypal\u00ebshe fqinj\u00ebsore, transmeton Anadolu. Ministria n\u00eb nj\u00eb deklarat\u00eb tha se nismat e Greqis\u00eb n\u00eb lidhje me statusin e ishujve bien n\u00eb kund\u00ebrshtim me marr\u00ebveshjet q\u00eb jan\u00eb p\u00ebrfunduar n\u00eb m\u00ebnyr\u00eb t\u00eb rregullt sipas [&hellip;]<\/p>\n","protected":false},"author":1,"featured_media":102161,"comment_status":"open","ping_status":"open","sticky":false,"template":"","format":"standard","meta":{"footnotes":""},"categories":[24],"tags":[3803],"class_list":["post-102162","post","type-post","status-publish","format-standard","has-post-thumbnail","hentry","category-bote","tag-aktuale"],"_links":{"self":[{"href":"https:\/\/prizrenpost.com\/al\/wp-json\/wp\/v2\/posts\/102162","targetHints":{"allow":["GET"]}}],"collection":[{"href":"https:\/\/prizrenpost.com\/al\/wp-json\/wp\/v2\/posts"}],"about":[{"href":"https:\/\/prizrenpost.com\/al\/wp-json\/wp\/v2\/types\/post"}],"author":[{"embeddable":true,"href":"https:\/\/prizrenpost.com\/al\/wp-json\/wp\/v2\/users\/1"}],"replies":[{"embeddable":true,"href":"https:\/\/prizrenpost.com\/al\/wp-json\/wp\/v2\/comments?post=102162"}],"version-history":[{"count":0,"href":"https:\/\/prizrenpost.com\/al\/wp-json\/wp\/v2\/posts\/102162\/revisions"}],"wp:featuredmedia":[{"embeddable":true,"href":"https:\/\/prizrenpost.com\/al\/wp-json\/wp\/v2\/media\/102161"}],"wp:attachment":[{"href":"https:\/\/prizrenpost.com\/al\/wp-json\/wp\/v2\/media?parent=102162"}],"wp:term":[{"taxonomy":"category","embeddable":true,"href":"https:\/\/prizrenpost.com\/al\/wp-json\/wp\/v2\/categories?post=102162"},{"taxonomy":"post_tag","embeddable":true,"href":"https:\/\/prizrenpost.com\/al\/wp-json\/wp\/v2\/tags?post=102162"}],"curies":[{"name":"wp","href":"https:\/\/api.w.org\/{rel}","templated":true}]}}