{"id":102166,"date":"2026-03-12T16:25:08","date_gmt":"2026-03-12T13:25:08","guid":{"rendered":"https:\/\/prizrenpost.com\/al\/pezullohet-akr-ja-e-behgjet-pacollit\/"},"modified":"2026-03-12T16:25:08","modified_gmt":"2026-03-12T13:25:08","slug":"pezullohet-akr-ja-e-behgjet-pacollit","status":"publish","type":"post","link":"https:\/\/prizrenpost.com\/al\/pezullohet-akr-ja-e-behgjet-pacollit\/","title":{"rendered":"Pezullohet AKR-ja e Behgjet Pacollit"},"content":{"rendered":"<figure class=\"post-featured-image\"><img decoding=\"async\" src=\"https:\/\/prizrenpost.com\/al\/wp-content\/uploads\/2026\/03\/pacolli.jpg\" alt=\"Pezullohet AKR-ja e Behgjet Pacollit\"\/><\/figure>\n<p>Komisioni Qendror i Zgjedhjeve ka vendosur t\u00eb pezulloj\u00eb partin\u00eb Aleanca Kosova e Re, e themeluar nga Behgjet Pacolli, pasi kjo parti nuk ka arritur t\u2019i mbaj\u00eb zgjedhjet e brendshme brenda afatit t\u00eb p\u00ebrcaktuar.<\/p>\n<p>Sipas Komisioni Qendror i Zgjedhjeve i Kosov\u00ebs, AKR-ja kishte detyrim q\u00eb procesin e zgjedhjeve t\u00eb brendshme ta p\u00ebrfundonte deri m\u00eb 25 shkurt 2026. Megjithat\u00eb, edhe pas paralajm\u00ebrimeve t\u00eb b\u00ebra, partia nuk ka njoftuar p\u00ebr mbajtjen e Kuvendit t\u00eb saj t\u00eb brendsh\u00ebm.<\/p>\n<p>Me vendimin e marr\u00eb, KQZ-ja i ka dh\u00ebn\u00eb AKR-s\u00eb nj\u00eb afat prej 45 dit\u00ebsh p\u00ebr ta zhvilluar procesin e zgjedhjeve t\u00eb brendshme. N\u00ebse kjo nuk ndodh brenda k\u00ebtij afati, at\u00ebher\u00eb partia rrezikon t\u00eb \u00e7regjistrohet nga regjistri i partive politike.<\/p>\n<p>N\u00eb mbledhjen e KQZ-s\u00eb u theksua se mosorganizimi i zgjedhjeve brenda periudh\u00ebs s\u00eb re do t\u00eb \u00e7oj\u00eb n\u00eb largimin e partis\u00eb nga regjistri zyrtar<\/p>\n<hr style=\"margin:30px 0\"\/>\n<p style=\"font-size:13px;color:#666\">Burimi: <strong>mesazhi<\/strong><\/p>\n","protected":false},"excerpt":{"rendered":"<p>Komisioni Qendror i Zgjedhjeve ka vendosur t\u00eb pezulloj\u00eb partin\u00eb Aleanca Kosova e Re, e themeluar nga Behgjet Pacolli, pasi kjo parti nuk ka arritur t\u2019i mbaj\u00eb zgjedhjet e brendshme brenda afatit t\u00eb p\u00ebrcaktuar. Sipas Komisioni Qendror i Zgjedhjeve i Kosov\u00ebs, AKR-ja kishte detyrim q\u00eb procesin e zgjedhjeve t\u00eb brendshme ta p\u00ebrfundonte deri m\u00eb 25 shkurt [&hellip;]<\/p>\n","protected":false},"author":1,"featured_media":102165,"comment_status":"open","ping_status":"open","sticky":false,"template":"","format":"standard","meta":{"footnotes":""},"categories":[14],"tags":[3803],"class_list":["post-102166","post","type-post","status-publish","format-standard","has-post-thumbnail","hentry","category-kombetare","tag-aktuale"],"_links":{"self":[{"href":"https:\/\/prizrenpost.com\/al\/wp-json\/wp\/v2\/posts\/102166","targetHints":{"allow":["GET"]}}],"collection":[{"href":"https:\/\/prizrenpost.com\/al\/wp-json\/wp\/v2\/posts"}],"about":[{"href":"https:\/\/prizrenpost.com\/al\/wp-json\/wp\/v2\/types\/post"}],"author":[{"embeddable":true,"href":"https:\/\/prizrenpost.com\/al\/wp-json\/wp\/v2\/users\/1"}],"replies":[{"embeddable":true,"href":"https:\/\/prizrenpost.com\/al\/wp-json\/wp\/v2\/comments?post=102166"}],"version-history":[{"count":0,"href":"https:\/\/prizrenpost.com\/al\/wp-json\/wp\/v2\/posts\/102166\/revisions"}],"wp:featuredmedia":[{"embeddable":true,"href":"https:\/\/prizrenpost.com\/al\/wp-json\/wp\/v2\/media\/102165"}],"wp:attachment":[{"href":"https:\/\/prizrenpost.com\/al\/wp-json\/wp\/v2\/media?parent=102166"}],"wp:term":[{"taxonomy":"category","embeddable":true,"href":"https:\/\/prizrenpost.com\/al\/wp-json\/wp\/v2\/categories?post=102166"},{"taxonomy":"post_tag","embeddable":true,"href":"https:\/\/prizrenpost.com\/al\/wp-json\/wp\/v2\/tags?post=102166"}],"curies":[{"name":"wp","href":"https:\/\/api.w.org\/{rel}","templated":true}]}}