{"id":10261,"date":"2014-09-23T10:57:07","date_gmt":"2014-09-23T08:57:07","guid":{"rendered":"http:\/\/prizrenpost.com\/al\/?p=10261"},"modified":"2018-12-05T23:33:51","modified_gmt":"2018-12-05T22:33:51","slug":"izraeli-rrezoi-nje-avion-sirian","status":"publish","type":"post","link":"https:\/\/prizrenpost.com\/al\/izraeli-rrezoi-nje-avion-sirian\/","title":{"rendered":"Izraeli rr\u00ebzoi nj\u00eb avion sirian"},"content":{"rendered":"<p><img decoding=\"async\" src=\"https:\/\/prizrenpost.com\/al\/wp-content\/uploads\/2014\/09\/avion-1.jpg\" alt=\"\" width=\"100%\" height=\"\" class=\"alignleft size-full wp-image-48950\" srcset=\"https:\/\/prizrenpost.com\/al\/wp-content\/uploads\/2014\/09\/avion-1.jpg 640w, https:\/\/prizrenpost.com\/al\/wp-content\/uploads\/2014\/09\/avion-1-300x173.jpg 300w\" sizes=\"(max-width: 640px) 100vw, 640px\" \/><\/p>\n<p><strong>Tel Aviv &#8211; Nj\u00eb raket\u00eb izraelite \u201cPatriot\u201d, ka q\u00eblluar dhe rr\u00ebzuar nj\u00eb avion sirian q\u00eb po fluturonte n\u00eb hap\u00ebsir\u00ebn ajrore t\u00eb kontrolluar nga Izraeli, raporton \u201cReuters\u201d duke cituar burime ushtarake.<\/strong><\/p>\n<p>\u201cNj\u00eb avion sirian hyri n\u00eb hap\u00ebsir\u00ebn ajrore izraelite. FMI (Forca Mbrojt\u00ebse e Izraelit) kapi avionin, duke p\u00ebrdor nj\u00eb raket\u00eb \u201cPatriot\u201d t\u00eb sistemit mbrojt\u00ebs\u201d, thuhet n\u00eb nj\u00eb komunikat\u00eb t\u00eb ushtris\u00eb izraelite.<\/p>\n<p>Nga ana tjet\u00ebr, Siria ka konfirmuar se b\u00ebhet fjal\u00eb p\u00ebr nj\u00eb avioni MiG-21. Kjo \u00ebsht\u00eb hera e par\u00eb q\u00eb prej vitit 1982, q\u00eb FMI rr\u00ebzon nj\u00eb avion sirian.<\/p>\n","protected":false},"excerpt":{"rendered":"<p>Tel Aviv &#8211; Nj\u00eb raket\u00eb izraelite \u201cPatriot\u201d, ka q\u00eblluar dhe rr\u00ebzuar nj\u00eb avion sirian q\u00eb po fluturonte n\u00eb hap\u00ebsir\u00ebn ajrore t\u00eb kontrolluar nga Izraeli, raporton \u201cReuters\u201d duke cituar burime ushtarake. \u201cNj\u00eb avion sirian hyri n\u00eb hap\u00ebsir\u00ebn ajrore izraelite. FMI (Forca Mbrojt\u00ebse e Izraelit) kapi avionin, duke p\u00ebrdor nj\u00eb raket\u00eb \u201cPatriot\u201d t\u00eb sistemit mbrojt\u00ebs\u201d, thuhet n\u00eb [&hellip;]<\/p>\n","protected":false},"author":1,"featured_media":48950,"comment_status":"open","ping_status":"open","sticky":false,"template":"","format":"standard","meta":{"footnotes":""},"categories":[1],"tags":[1378,844],"class_list":["post-10261","post","type-post","status-publish","format-standard","has-post-thumbnail","hentry","category-lajme","tag-izraeli","tag-siria"],"_links":{"self":[{"href":"https:\/\/prizrenpost.com\/al\/wp-json\/wp\/v2\/posts\/10261","targetHints":{"allow":["GET"]}}],"collection":[{"href":"https:\/\/prizrenpost.com\/al\/wp-json\/wp\/v2\/posts"}],"about":[{"href":"https:\/\/prizrenpost.com\/al\/wp-json\/wp\/v2\/types\/post"}],"author":[{"embeddable":true,"href":"https:\/\/prizrenpost.com\/al\/wp-json\/wp\/v2\/users\/1"}],"replies":[{"embeddable":true,"href":"https:\/\/prizrenpost.com\/al\/wp-json\/wp\/v2\/comments?post=10261"}],"version-history":[{"count":0,"href":"https:\/\/prizrenpost.com\/al\/wp-json\/wp\/v2\/posts\/10261\/revisions"}],"wp:featuredmedia":[{"embeddable":true,"href":"https:\/\/prizrenpost.com\/al\/wp-json\/wp\/v2\/media\/48950"}],"wp:attachment":[{"href":"https:\/\/prizrenpost.com\/al\/wp-json\/wp\/v2\/media?parent=10261"}],"wp:term":[{"taxonomy":"category","embeddable":true,"href":"https:\/\/prizrenpost.com\/al\/wp-json\/wp\/v2\/categories?post=10261"},{"taxonomy":"post_tag","embeddable":true,"href":"https:\/\/prizrenpost.com\/al\/wp-json\/wp\/v2\/tags?post=10261"}],"curies":[{"name":"wp","href":"https:\/\/api.w.org\/{rel}","templated":true}]}}