{"id":102614,"date":"2026-03-15T16:20:10","date_gmt":"2026-03-15T13:20:10","guid":{"rendered":"https:\/\/prizrenpost.com\/al\/ministri-i-jashtem-i-iranit-lideri-suprem-eshte-ne-gjendje-te-mire-shendetesore-po-e-menaxhon-plotesisht-vendin\/"},"modified":"2026-03-15T16:20:10","modified_gmt":"2026-03-15T13:20:10","slug":"ministri-i-jashtem-i-iranit-lideri-suprem-eshte-ne-gjendje-te-mire-shendetesore-po-e-menaxhon-plotesisht-vendin","status":"publish","type":"post","link":"https:\/\/prizrenpost.com\/al\/ministri-i-jashtem-i-iranit-lideri-suprem-eshte-ne-gjendje-te-mire-shendetesore-po-e-menaxhon-plotesisht-vendin\/","title":{"rendered":"Ministri i Jasht\u00ebm i Iranit: Lideri suprem \u201c\u00ebsht\u00eb n\u00eb gjendje t\u00eb mir\u00eb sh\u00ebndet\u00ebsore, po e menaxhon plot\u00ebsisht vendin\u201d"},"content":{"rendered":"<figure class=\"post-featured-image\"><img decoding=\"async\" src=\"https:\/\/prizrenpost.com\/al\/wp-content\/uploads\/2026\/03\/Abbas-Araghchi-1.jpg\" alt=\"Ministri i Jasht\u00ebm i Iranit: Lideri suprem \u201c\u00ebsht\u00eb n\u00eb gjendje t\u00eb mir\u00eb sh\u00ebndet\u00ebsore, po e menaxhon plot\u00ebsisht vendin\u201d\"\/><\/figure>\n<p>Ministri i Jasht\u00ebm i Iranit, Abbas Araghchi, tha t\u00eb diel\u00ebn se Udh\u00ebheq\u00ebsi Suprem i Iranit, Mojtaba Khamenei, \u00ebsht\u00eb \u201cn\u00eb gjendje t\u00eb mir\u00eb sh\u00ebndet\u00ebsore dhe vazhdon ta menaxhoj\u00eb plot\u00ebsisht vendin\u201d, nd\u00ebrsa p\u00ebrplasjet mes Teheranit dhe Washingtonit vazhdojn\u00eb n\u00eb gjith\u00eb rajonin, transmeton Anadolu.<\/p>\n<p>\u201cSituata n\u00eb Iran \u00ebsht\u00eb stabile dhe t\u00eb gjith\u00eb po kryejn\u00eb detyrat e tyre n\u00eb pozicionet p\u00ebrkat\u00ebse\u201d, i tha Araghchi gazet\u00ebs me seli n\u00eb Lond\u00ebr The New Arab (Al-Araby Al-Jadeed) n\u00eb nj\u00eb intervist\u00eb q\u00eb do t\u00eb publikohet e plot\u00eb m\u00eb von\u00eb gjat\u00eb dit\u00ebs.<\/p>\n<p>Udh\u00ebheq\u00ebsi suprem \u201c\u00ebsht\u00eb n\u00eb gjendje t\u00eb mir\u00eb sh\u00ebndet\u00ebsore dhe po e menaxhon plot\u00ebsisht vendin\u201d, shtoi ai.<\/p>\n<p>Araghchi tha se Teherani \u00ebsht\u00eb i gatsh\u00ebm t\u00eb ulet me vendet e rajonit p\u00ebr t\u00eb formuar nj\u00eb komision t\u00eb p\u00ebrbashk\u00ebt hetimor p\u00ebr t\u00eb p\u00ebrcaktuar natyr\u00ebn e objektivave q\u00eb jan\u00eb sulmuar dhe n\u00ebse ato kishin lidhje me SHBA-n\u00eb.<\/p>\n<p>Ai theksoi se sulmet e kryera nga Irani kishin n\u00eb sh\u00ebnjest\u00ebr \u201cbazat dhe interesat amerikane n\u00eb rajon\u201d, si pjes\u00eb e kund\u00ebrp\u00ebrgjigjes s\u00eb Teheranit ndaj sulmeve t\u00eb nisura kund\u00ebr Iranit nga ato baza.<\/p>\n<p>Ministri tha se Teherani kishte marr\u00eb informacione q\u00eb tregojn\u00eb se SHBA-ja dhe Izraeli po kryenin sulme nga lokacione t\u00eb caktuara drejt vendeve arabe.<\/p>\n<p>\u201cDeri m\u00eb tani nuk kemi sh\u00ebnjestruar asnj\u00eb zon\u00eb civile apo banimi n\u00eb vendet e rajonit\u201d, shtoi ai.<\/p>\n<p>Araghchi k\u00ebrc\u00ebnoi me sulme hakmarr\u00ebse ndaj kompanive amerikane n\u00eb rajon n\u00ebse goditen objektet iraniane t\u00eb naft\u00ebs.<\/p>\n<p>\u201cN\u00ebse objektet tona energjetike sh\u00ebnjestrohen, ne gjithashtu do t\u00eb sh\u00ebnjestrojm\u00eb objektet e kompanive amerikane n\u00eb rajon\u201d, tha ai.<\/p>\n<p>Kryediplomati pretendoi se SHBA-ja ka zhvilluar nj\u00eb dron t\u00eb ngjash\u00ebm me dronin iranian Shahed, t\u00eb quajtur \u201cLucas\u201d, i cili, sipas tij, p\u00ebrdoret p\u00ebr t\u00eb goditur objektiva n\u00eb vendet arabe, duke theksuar se ky informacion ende \u00ebsht\u00eb n\u00eb shqyrtim.<\/p>\n<p>Araghchi tha se komunikimet me vendet fqinje vazhdojn\u00eb, p\u00ebrfshir\u00eb Katarin, Arabin\u00eb Saudite dhe Omanin.<\/p>\n<p>Kontaktet diplomatike \u201cnuk kan\u00eb ndalur\u201d, tha ai, duke shtuar se disa vende t\u00eb rajonit po zhvillojn\u00eb p\u00ebrpjekje nd\u00ebrmjet\u00ebsimi p\u00ebr t\u00eb ulur tensionet dhe p\u00ebr t\u00eb propozuar ide p\u00ebr t\u2019i dh\u00ebn\u00eb fund luft\u00ebs.<\/p>\n<p>Irani \u00ebsht\u00eb i gatsh\u00ebm t\u00eb shqyrtoj\u00eb \u00e7do propozim q\u00eb do t\u00eb siguronte nj\u00eb \u201cfund t\u00eb plot\u00eb t\u00eb luft\u00ebs\u201d, shtoi ai.<\/p>\n<p>Araghchi tha gjithashtu se Ngushtica e Hormuzit, nj\u00eb rrug\u00eb ky\u00e7e tranziti p\u00ebr tanker\u00ebt e naft\u00ebs, \u201cmbetet e hapur p\u00ebr t\u00eb gjitha vendet p\u00ebrve\u00e7 Shteteve t\u00eb Bashkuara dhe aleat\u00ebve t\u00eb saj\u201d.<\/p>\n<p>P\u00ebrplasjet jan\u00eb p\u00ebrshkall\u00ebzuar q\u00eb nga 28 shkurti, kur Izraeli dhe SHBA-ja nis\u00ebn sulme t\u00eb p\u00ebrbashk\u00ebta ndaj Iranit, duke vrar\u00eb rreth 1.200 persona, p\u00ebrfshir\u00eb udh\u00ebheq\u00ebsin suprem Ajatollah Ali Khamenei.<\/p>\n<p>Irani \u00ebsht\u00eb kund\u00ebrp\u00ebrgjigjur me sulme me dron\u00eb dhe raketa q\u00eb kan\u00eb sh\u00ebnjestruar Izraelin, Jordanin\u00eb, Irakun dhe vendet e Gjirit q\u00eb strehojn\u00eb kapacitete ushtarake amerikane.<\/p>\n<hr style=\"margin:30px 0\"\/>\n<p style=\"font-size:13px;color:#666\">Burimi: <strong>mesazhi<\/strong><\/p>\n","protected":false},"excerpt":{"rendered":"<p>Ministri i Jasht\u00ebm i Iranit, Abbas Araghchi, tha t\u00eb diel\u00ebn se Udh\u00ebheq\u00ebsi Suprem i Iranit, Mojtaba Khamenei, \u00ebsht\u00eb \u201cn\u00eb gjendje t\u00eb mir\u00eb sh\u00ebndet\u00ebsore dhe vazhdon ta menaxhoj\u00eb plot\u00ebsisht vendin\u201d, nd\u00ebrsa p\u00ebrplasjet mes Teheranit dhe Washingtonit vazhdojn\u00eb n\u00eb gjith\u00eb rajonin, transmeton Anadolu. \u201cSituata n\u00eb Iran \u00ebsht\u00eb stabile dhe t\u00eb gjith\u00eb po kryejn\u00eb detyrat e tyre n\u00eb [&hellip;]<\/p>\n","protected":false},"author":1,"featured_media":102613,"comment_status":"open","ping_status":"open","sticky":false,"template":"","format":"standard","meta":{"footnotes":""},"categories":[24],"tags":[3803],"class_list":["post-102614","post","type-post","status-publish","format-standard","has-post-thumbnail","hentry","category-bote","tag-aktuale"],"_links":{"self":[{"href":"https:\/\/prizrenpost.com\/al\/wp-json\/wp\/v2\/posts\/102614","targetHints":{"allow":["GET"]}}],"collection":[{"href":"https:\/\/prizrenpost.com\/al\/wp-json\/wp\/v2\/posts"}],"about":[{"href":"https:\/\/prizrenpost.com\/al\/wp-json\/wp\/v2\/types\/post"}],"author":[{"embeddable":true,"href":"https:\/\/prizrenpost.com\/al\/wp-json\/wp\/v2\/users\/1"}],"replies":[{"embeddable":true,"href":"https:\/\/prizrenpost.com\/al\/wp-json\/wp\/v2\/comments?post=102614"}],"version-history":[{"count":0,"href":"https:\/\/prizrenpost.com\/al\/wp-json\/wp\/v2\/posts\/102614\/revisions"}],"wp:featuredmedia":[{"embeddable":true,"href":"https:\/\/prizrenpost.com\/al\/wp-json\/wp\/v2\/media\/102613"}],"wp:attachment":[{"href":"https:\/\/prizrenpost.com\/al\/wp-json\/wp\/v2\/media?parent=102614"}],"wp:term":[{"taxonomy":"category","embeddable":true,"href":"https:\/\/prizrenpost.com\/al\/wp-json\/wp\/v2\/categories?post=102614"},{"taxonomy":"post_tag","embeddable":true,"href":"https:\/\/prizrenpost.com\/al\/wp-json\/wp\/v2\/tags?post=102614"}],"curies":[{"name":"wp","href":"https:\/\/api.w.org\/{rel}","templated":true}]}}