{"id":102631,"date":"2026-03-15T19:20:08","date_gmt":"2026-03-15T16:20:08","guid":{"rendered":"https:\/\/prizrenpost.com\/al\/motogp-shtyn-cmimin-e-madh-te-katarit-per-ne-nentor-per-shkak-te-shqetesimeve-te-sigurise\/"},"modified":"2026-03-15T19:20:08","modified_gmt":"2026-03-15T16:20:08","slug":"motogp-shtyn-cmimin-e-madh-te-katarit-per-ne-nentor-per-shkak-te-shqetesimeve-te-sigurise","status":"publish","type":"post","link":"https:\/\/prizrenpost.com\/al\/motogp-shtyn-cmimin-e-madh-te-katarit-per-ne-nentor-per-shkak-te-shqetesimeve-te-sigurise\/","title":{"rendered":"MotoGP shtyn \u00c7mimin e Madh t\u00eb Katarit p\u00ebr n\u00eb n\u00ebntor p\u00ebr shkak t\u00eb shqet\u00ebsimeve t\u00eb siguris\u00eb"},"content":{"rendered":"<figure class=\"post-featured-image\"><img decoding=\"async\" src=\"https:\/\/prizrenpost.com\/al\/wp-content\/uploads\/2026\/03\/thumbs_b_c_40a602e5a712cd77a825dca13896bbb5.jpg\" alt=\"MotoGP shtyn \u00c7mimin e Madh t\u00eb Katarit p\u00ebr n\u00eb n\u00ebntor p\u00ebr shkak t\u00eb shqet\u00ebsimeve t\u00eb siguris\u00eb\"\/><\/figure>\n<p>MotoGP ka shtyr\u00eb gar\u00ebn p\u00ebr \u00c7mimin e Madh t\u00eb Katarit, raundin e kat\u00ebrt t\u00eb Kampionatit Bot\u00ebror MotoGP 2026, p\u00ebr n\u00eb n\u00ebntor p\u00ebr shkak t\u00eb situat\u00ebs gjeopolitike n\u00eb Lindjen e Mesme, njoftuan organizator\u00ebt t\u00eb diel\u00ebn, transmeton Anadolu.<\/p>\n<p>Gara, e planifikuar fillimisht t\u00eb zhvillohej m\u00eb 10-12 prill n\u00eb Lusail International Circuit n\u00eb Katar, tani do t\u00eb mbahet m\u00eb 6-8 n\u00ebntor, pas konsultimeve me Federat\u00ebn Nd\u00ebrkomb\u00ebtare t\u00eb Moto\u00e7iklizmit (FIM), promotorin e kampionatit dhe autoritetet lokale.<\/p>\n<p>MotoGP tha se vendimi u mor p\u00ebr t\u00eb garantuar sigurin\u00eb dhe mir\u00ebqenien e pjes\u00ebmarr\u00ebsve dhe spektator\u00ebve, duke ruajtur nj\u00ebkoh\u00ebsisht standardet m\u00eb t\u00eb larta t\u00eb organizimit t\u00eb eventit.<\/p>\n<p>Pas k\u00ebtij ndryshimi, jan\u00eb rregulluar edhe raundet p\u00ebrfundimtare t\u00eb sezonit. \u00c7mimi i Madh i Portugalis\u00eb n\u00eb Portimao tani do t\u00eb zhvillohet m\u00eb 22 n\u00ebntor, nd\u00ebrsa \u00c7mimi i Madh i Valencias, q\u00eb mbyll sezonin, \u00ebsht\u00eb zhvendosur m\u00eb 29 n\u00ebntor.<\/p>\n<p>Drejtori ekzekutiv i MotoGP, Carmelo Ezpeleta, tha se vendimi u mor n\u00eb koordinim t\u00eb ngusht\u00eb me partner\u00ebt n\u00eb Katar dhe me ekipet e MotoGP, duke theksuar se siguria mbetet prioriteti kryesor i organizat\u00ebs.<\/p>\n<p>\u201cNe gjithashtu e kuptojm\u00eb r\u00ebnd\u00ebsin\u00eb e ofrimit t\u00eb qart\u00ebsis\u00eb p\u00ebr simpatizant\u00ebt tan\u00eb sa m\u00eb her\u00ebt t\u00eb jet\u00eb e mundur\u201d, tha Ezpeleta, duke shtuar se mbajt\u00ebsit e biletave do t\u00eb mund t\u2019i p\u00ebrdorin ato p\u00ebr dat\u00ebn e re t\u00eb eventit.<\/p>\n<p>MotoGP njoftoi se t\u00eb gjitha raundet e tjera t\u00eb kalendarit t\u00eb kampionatit 2026 mbeten t\u00eb pandryshuara.<\/p>\n<p>P\u00ebrplasjet n\u00eb Lindjen e Mesme jan\u00eb p\u00ebrshkall\u00ebzuar q\u00eb nga 28 shkurti, kur Izraeli dhe SHBA-ja nis\u00ebn sulme t\u00eb p\u00ebrbashk\u00ebta ndaj Iranit, duke vrar\u00eb rreth 1.300 persona, p\u00ebrfshir\u00eb udh\u00ebheq\u00ebsin suprem Ajatollah Ali Khamenei.<\/p>\n<p>Irani \u00ebsht\u00eb kund\u00ebrp\u00ebrgjigjur me sulme me dron\u00eb dhe raketa q\u00eb kan\u00eb sh\u00ebnjestruar Izraelin, Jordanin\u00eb, Irakun dhe vendet e Gjirit q\u00eb strehojn\u00eb kapacitete ushtarake amerikane.<\/p>\n<hr style=\"margin:30px 0\"\/>\n<p style=\"font-size:13px;color:#666\">Burimi: <strong>mesazhi<\/strong><\/p>\n","protected":false},"excerpt":{"rendered":"<p>MotoGP ka shtyr\u00eb gar\u00ebn p\u00ebr \u00c7mimin e Madh t\u00eb Katarit, raundin e kat\u00ebrt t\u00eb Kampionatit Bot\u00ebror MotoGP 2026, p\u00ebr n\u00eb n\u00ebntor p\u00ebr shkak t\u00eb situat\u00ebs gjeopolitike n\u00eb Lindjen e Mesme, njoftuan organizator\u00ebt t\u00eb diel\u00ebn, transmeton Anadolu. Gara, e planifikuar fillimisht t\u00eb zhvillohej m\u00eb 10-12 prill n\u00eb Lusail International Circuit n\u00eb Katar, tani do t\u00eb mbahet [&hellip;]<\/p>\n","protected":false},"author":1,"featured_media":102630,"comment_status":"open","ping_status":"open","sticky":false,"template":"","format":"standard","meta":{"footnotes":""},"categories":[24],"tags":[3803],"class_list":["post-102631","post","type-post","status-publish","format-standard","has-post-thumbnail","hentry","category-bote","tag-aktuale"],"_links":{"self":[{"href":"https:\/\/prizrenpost.com\/al\/wp-json\/wp\/v2\/posts\/102631","targetHints":{"allow":["GET"]}}],"collection":[{"href":"https:\/\/prizrenpost.com\/al\/wp-json\/wp\/v2\/posts"}],"about":[{"href":"https:\/\/prizrenpost.com\/al\/wp-json\/wp\/v2\/types\/post"}],"author":[{"embeddable":true,"href":"https:\/\/prizrenpost.com\/al\/wp-json\/wp\/v2\/users\/1"}],"replies":[{"embeddable":true,"href":"https:\/\/prizrenpost.com\/al\/wp-json\/wp\/v2\/comments?post=102631"}],"version-history":[{"count":0,"href":"https:\/\/prizrenpost.com\/al\/wp-json\/wp\/v2\/posts\/102631\/revisions"}],"wp:featuredmedia":[{"embeddable":true,"href":"https:\/\/prizrenpost.com\/al\/wp-json\/wp\/v2\/media\/102630"}],"wp:attachment":[{"href":"https:\/\/prizrenpost.com\/al\/wp-json\/wp\/v2\/media?parent=102631"}],"wp:term":[{"taxonomy":"category","embeddable":true,"href":"https:\/\/prizrenpost.com\/al\/wp-json\/wp\/v2\/categories?post=102631"},{"taxonomy":"post_tag","embeddable":true,"href":"https:\/\/prizrenpost.com\/al\/wp-json\/wp\/v2\/tags?post=102631"}],"curies":[{"name":"wp","href":"https:\/\/api.w.org\/{rel}","templated":true}]}}