{"id":102639,"date":"2026-03-15T21:05:09","date_gmt":"2026-03-15T18:05:09","guid":{"rendered":"https:\/\/prizrenpost.com\/al\/libani-850-persona-te-vrare-ne-sulmet-izraelite-qe-nga-2-marsi\/"},"modified":"2026-03-15T21:05:09","modified_gmt":"2026-03-15T18:05:09","slug":"libani-850-persona-te-vrare-ne-sulmet-izraelite-qe-nga-2-marsi","status":"publish","type":"post","link":"https:\/\/prizrenpost.com\/al\/libani-850-persona-te-vrare-ne-sulmet-izraelite-qe-nga-2-marsi\/","title":{"rendered":"Libani: 850 persona t\u00eb vrar\u00eb n\u00eb sulmet izraelite q\u00eb nga 2 marsi"},"content":{"rendered":"<figure class=\"post-featured-image\"><img decoding=\"async\" src=\"https:\/\/prizrenpost.com\/al\/wp-content\/uploads\/2026\/03\/thumbs_b_c_a00543c8bb6c72864e0a3e277be85b07.jpg\" alt=\"Libani: 850 persona t\u00eb vrar\u00eb n\u00eb sulmet izraelite q\u00eb nga 2 marsi\"\/><\/figure>\n<p>T\u00eb pakt\u00ebn 850 persona, p\u00ebrfshir\u00eb 107 f\u00ebmij\u00eb, jan\u00eb vrar\u00eb n\u00eb sulmet izraelite n\u00eb gjith\u00eb Libanin q\u00eb nga 2 marsi, njoftoi sot Ministria libaneze e Sh\u00ebndet\u00ebsis\u00eb, transmeton Anadolu.<\/p>\n<p>N\u00eb nj\u00eb deklarat\u00eb t\u00eb ministris\u00eb, cituar nga agjencia shtet\u00ebrore e lajmeve NNA, thuhet po ashtu se 2.105 persona jan\u00eb plagosur gjithashtu n\u00eb k\u00ebto sulme.<\/p>\n<p>Ushtria izraelite zgjeroi sulmet ajrore n\u00eb mbar\u00eb Libanin, p\u00ebrfshir\u00eb edhe kryeqytetin Bejrut, m\u00eb 2 mars, pas nj\u00eb sulmi nd\u00ebrkufitar nga Hezbollahu, n\u00eb mes t\u00eb p\u00ebrshkall\u00ebzimit rajonal pas ofensiv\u00ebs s\u00eb p\u00ebrbashk\u00ebt t\u00eb Washingtonit dhe Tel Avivit kund\u00ebr Iranit.<\/p>\n<p>M\u00eb 3 mars, Izraeli nisi nj\u00eb inkursion t\u00eb kufizuar tok\u00ebsor n\u00eb jug t\u00eb Libanit.<\/p>\n<hr style=\"margin:30px 0\"\/>\n<p style=\"font-size:13px;color:#666\">Burimi: <strong>mesazhi<\/strong><\/p>\n","protected":false},"excerpt":{"rendered":"<p>T\u00eb pakt\u00ebn 850 persona, p\u00ebrfshir\u00eb 107 f\u00ebmij\u00eb, jan\u00eb vrar\u00eb n\u00eb sulmet izraelite n\u00eb gjith\u00eb Libanin q\u00eb nga 2 marsi, njoftoi sot Ministria libaneze e Sh\u00ebndet\u00ebsis\u00eb, transmeton Anadolu. N\u00eb nj\u00eb deklarat\u00eb t\u00eb ministris\u00eb, cituar nga agjencia shtet\u00ebrore e lajmeve NNA, thuhet po ashtu se 2.105 persona jan\u00eb plagosur gjithashtu n\u00eb k\u00ebto sulme. Ushtria izraelite zgjeroi sulmet [&hellip;]<\/p>\n","protected":false},"author":1,"featured_media":102638,"comment_status":"open","ping_status":"open","sticky":false,"template":"","format":"standard","meta":{"footnotes":""},"categories":[24],"tags":[3803],"class_list":["post-102639","post","type-post","status-publish","format-standard","has-post-thumbnail","hentry","category-bote","tag-aktuale"],"_links":{"self":[{"href":"https:\/\/prizrenpost.com\/al\/wp-json\/wp\/v2\/posts\/102639","targetHints":{"allow":["GET"]}}],"collection":[{"href":"https:\/\/prizrenpost.com\/al\/wp-json\/wp\/v2\/posts"}],"about":[{"href":"https:\/\/prizrenpost.com\/al\/wp-json\/wp\/v2\/types\/post"}],"author":[{"embeddable":true,"href":"https:\/\/prizrenpost.com\/al\/wp-json\/wp\/v2\/users\/1"}],"replies":[{"embeddable":true,"href":"https:\/\/prizrenpost.com\/al\/wp-json\/wp\/v2\/comments?post=102639"}],"version-history":[{"count":0,"href":"https:\/\/prizrenpost.com\/al\/wp-json\/wp\/v2\/posts\/102639\/revisions"}],"wp:featuredmedia":[{"embeddable":true,"href":"https:\/\/prizrenpost.com\/al\/wp-json\/wp\/v2\/media\/102638"}],"wp:attachment":[{"href":"https:\/\/prizrenpost.com\/al\/wp-json\/wp\/v2\/media?parent=102639"}],"wp:term":[{"taxonomy":"category","embeddable":true,"href":"https:\/\/prizrenpost.com\/al\/wp-json\/wp\/v2\/categories?post=102639"},{"taxonomy":"post_tag","embeddable":true,"href":"https:\/\/prizrenpost.com\/al\/wp-json\/wp\/v2\/tags?post=102639"}],"curies":[{"name":"wp","href":"https:\/\/api.w.org\/{rel}","templated":true}]}}