{"id":102860,"date":"2026-03-17T11:35:14","date_gmt":"2026-03-17T08:35:14","guid":{"rendered":"https:\/\/prizrenpost.com\/al\/kanosi-me-arme-dy-persona-arrestohet-i-mituri-ne-prishtine\/"},"modified":"2026-03-17T11:35:14","modified_gmt":"2026-03-17T08:35:14","slug":"kanosi-me-arme-dy-persona-arrestohet-i-mituri-ne-prishtine","status":"publish","type":"post","link":"https:\/\/prizrenpost.com\/al\/kanosi-me-arme-dy-persona-arrestohet-i-mituri-ne-prishtine\/","title":{"rendered":"Kanosi me arm\u00eb dy persona, arrestohet i mituri n\u00eb Prishtin\u00eb"},"content":{"rendered":"<figure class=\"post-featured-image\"><img decoding=\"async\" src=\"https:\/\/prizrenpost.com\/al\/wp-content\/uploads\/2026\/03\/Arrestimi.jpg\" alt=\"Kanosi me arm\u00eb dy persona, arrestohet i mituri n\u00eb Prishtin\u00eb\"\/><\/figure>\n<p>\u00cbsht\u00eb arrestuar nj\u00eb i mitur n\u00eb Prishtin\u00eb, pasi ka kanosur me arm\u00eb dy persona.<\/p>\n<p>Policia ka b\u00ebr\u00eb t\u00eb ditur se i nj\u00ebjti \u00ebsht\u00eb d\u00ebrguar n\u00eb mbajtje, p\u00ebrcjell Klankosova.tv.<\/p>\n<p>\u201c\u00cbsht\u00eb arrestuar i dyshuari i mitur mashkull kosovar, pasi q\u00eb i nj\u00ebjti kishte kanosur me arm\u00eb dy viktimat meshkuj kosovar\u00eb. I dyshuari \u00ebsht\u00eb arrestuar dhe nga ai \u00ebsht\u00eb sekuestruar nj\u00eb revole. Me vendim t\u00eb prokurorit i dyshuari pas intervistimit d\u00ebrgohet n\u00eb mbajtje\u201d, thuhet n\u00eb raportin e policis\u00eb.\/Klankosova.tv<\/p>\n<hr style=\"margin:30px 0\"\/>\n<p style=\"font-size:13px;color:#666\">Burimi: <strong>klankosova<\/strong><\/p>\n","protected":false},"excerpt":{"rendered":"<p>\u00cbsht\u00eb arrestuar nj\u00eb i mitur n\u00eb Prishtin\u00eb, pasi ka kanosur me arm\u00eb dy persona. Policia ka b\u00ebr\u00eb t\u00eb ditur se i nj\u00ebjti \u00ebsht\u00eb d\u00ebrguar n\u00eb mbajtje, p\u00ebrcjell Klankosova.tv. \u201c\u00cbsht\u00eb arrestuar i dyshuari i mitur mashkull kosovar, pasi q\u00eb i nj\u00ebjti kishte kanosur me arm\u00eb dy viktimat meshkuj kosovar\u00eb. I dyshuari \u00ebsht\u00eb arrestuar dhe nga ai [&hellip;]<\/p>\n","protected":false},"author":1,"featured_media":102859,"comment_status":"open","ping_status":"open","sticky":false,"template":"","format":"standard","meta":{"footnotes":""},"categories":[17],"tags":[],"class_list":["post-102860","post","type-post","status-publish","format-standard","has-post-thumbnail","hentry","category-kronike"],"_links":{"self":[{"href":"https:\/\/prizrenpost.com\/al\/wp-json\/wp\/v2\/posts\/102860","targetHints":{"allow":["GET"]}}],"collection":[{"href":"https:\/\/prizrenpost.com\/al\/wp-json\/wp\/v2\/posts"}],"about":[{"href":"https:\/\/prizrenpost.com\/al\/wp-json\/wp\/v2\/types\/post"}],"author":[{"embeddable":true,"href":"https:\/\/prizrenpost.com\/al\/wp-json\/wp\/v2\/users\/1"}],"replies":[{"embeddable":true,"href":"https:\/\/prizrenpost.com\/al\/wp-json\/wp\/v2\/comments?post=102860"}],"version-history":[{"count":0,"href":"https:\/\/prizrenpost.com\/al\/wp-json\/wp\/v2\/posts\/102860\/revisions"}],"wp:featuredmedia":[{"embeddable":true,"href":"https:\/\/prizrenpost.com\/al\/wp-json\/wp\/v2\/media\/102859"}],"wp:attachment":[{"href":"https:\/\/prizrenpost.com\/al\/wp-json\/wp\/v2\/media?parent=102860"}],"wp:term":[{"taxonomy":"category","embeddable":true,"href":"https:\/\/prizrenpost.com\/al\/wp-json\/wp\/v2\/categories?post=102860"},{"taxonomy":"post_tag","embeddable":true,"href":"https:\/\/prizrenpost.com\/al\/wp-json\/wp\/v2\/tags?post=102860"}],"curies":[{"name":"wp","href":"https:\/\/api.w.org\/{rel}","templated":true}]}}