{"id":102866,"date":"2026-03-17T11:50:15","date_gmt":"2026-03-17T08:50:15","guid":{"rendered":"https:\/\/prizrenpost.com\/al\/per-te-dyten-dite-radhazi-anulohet-seanca-per-krime-lufte-ndaj-pantiqit-dhe-zariqit\/"},"modified":"2026-03-17T11:50:15","modified_gmt":"2026-03-17T08:50:15","slug":"per-te-dyten-dite-radhazi-anulohet-seanca-per-krime-lufte-ndaj-pantiqit-dhe-zariqit","status":"publish","type":"post","link":"https:\/\/prizrenpost.com\/al\/per-te-dyten-dite-radhazi-anulohet-seanca-per-krime-lufte-ndaj-pantiqit-dhe-zariqit\/","title":{"rendered":"P\u00ebr t\u00eb dyt\u00ebn dit\u00eb radhazi, anulohet seanca p\u00ebr krime lufte ndaj Pantiqit dhe Zariqit"},"content":{"rendered":"<figure class=\"post-featured-image\"><img decoding=\"async\" src=\"https:\/\/prizrenpost.com\/al\/wp-content\/uploads\/2026\/03\/gjykata-pr.jpg\" alt=\"P\u00ebr t\u00eb dyt\u00ebn dit\u00eb radhazi, anulohet seanca p\u00ebr krime lufte ndaj Pantiqit dhe Zariqit\"\/><\/figure>\n<p>N\u00eb Gjykat\u00ebn Themelore n\u00eb Prishtin\u00eb \u00ebsht\u00eb anuluar p\u00ebr t\u00eb dyt\u00ebn dit\u00eb radhazi seanca ndaj dy t\u00eb akuzuarve p\u00ebr krime lufte, Momir Pantiq dhe Zharko Zariq, p\u00ebr shkak t\u00eb gjendjes sh\u00ebndet\u00ebsore t\u00eb Pantiqit, i cili nuk ka mundur t\u00eb paraqitet n\u00eb gjykim. E nj\u00ebjta arsye \u00e7oi n\u00eb anulimin edhe t\u00eb seanc\u00ebs s\u00eb sotme.<\/p>\n<p>Sipas aktakuz\u00ebs s\u00eb ngritur m\u00eb 1 shtator 2024 nga Prokuroria Speciale e Kosov\u00ebs, Pantiq (ish-kryeshef i policis\u00eb n\u00eb Istog) dhe Zariq (ish-polic) akuzohen p\u00ebr krime lufte kund\u00ebr popullsis\u00eb civile.<\/p>\n<p>Aktakuza i lidh ata me ngjarjet e majit 1999 n\u00eb burgun e Dubrav\u00ebs, ku pas bombardimeve t\u00eb NATO-s, forcat policore serbe dyshohet se ushtruan dhun\u00eb sistematike ndaj t\u00eb burgosurve shqiptar\u00eb, duke i rrahur, vrar\u00eb dhe plagosur dhjet\u00ebra prej tyre. Po ashtu, p\u00ebrmenden raste t\u00eb dhun\u00ebs seksuale dhe vrasje t\u00eb civil\u00ebve n\u00eb komun\u00ebn e Istogut.<\/p>\n<hr style=\"margin:30px 0\"\/>\n<p style=\"font-size:13px;color:#666\">Burimi: <strong>klankosova<\/strong><\/p>\n","protected":false},"excerpt":{"rendered":"<p>N\u00eb Gjykat\u00ebn Themelore n\u00eb Prishtin\u00eb \u00ebsht\u00eb anuluar p\u00ebr t\u00eb dyt\u00ebn dit\u00eb radhazi seanca ndaj dy t\u00eb akuzuarve p\u00ebr krime lufte, Momir Pantiq dhe Zharko Zariq, p\u00ebr shkak t\u00eb gjendjes sh\u00ebndet\u00ebsore t\u00eb Pantiqit, i cili nuk ka mundur t\u00eb paraqitet n\u00eb gjykim. E nj\u00ebjta arsye \u00e7oi n\u00eb anulimin edhe t\u00eb seanc\u00ebs s\u00eb sotme. Sipas aktakuz\u00ebs s\u00eb [&hellip;]<\/p>\n","protected":false},"author":1,"featured_media":102865,"comment_status":"open","ping_status":"open","sticky":false,"template":"","format":"standard","meta":{"footnotes":""},"categories":[17],"tags":[],"class_list":["post-102866","post","type-post","status-publish","format-standard","has-post-thumbnail","hentry","category-kronike"],"_links":{"self":[{"href":"https:\/\/prizrenpost.com\/al\/wp-json\/wp\/v2\/posts\/102866","targetHints":{"allow":["GET"]}}],"collection":[{"href":"https:\/\/prizrenpost.com\/al\/wp-json\/wp\/v2\/posts"}],"about":[{"href":"https:\/\/prizrenpost.com\/al\/wp-json\/wp\/v2\/types\/post"}],"author":[{"embeddable":true,"href":"https:\/\/prizrenpost.com\/al\/wp-json\/wp\/v2\/users\/1"}],"replies":[{"embeddable":true,"href":"https:\/\/prizrenpost.com\/al\/wp-json\/wp\/v2\/comments?post=102866"}],"version-history":[{"count":0,"href":"https:\/\/prizrenpost.com\/al\/wp-json\/wp\/v2\/posts\/102866\/revisions"}],"wp:featuredmedia":[{"embeddable":true,"href":"https:\/\/prizrenpost.com\/al\/wp-json\/wp\/v2\/media\/102865"}],"wp:attachment":[{"href":"https:\/\/prizrenpost.com\/al\/wp-json\/wp\/v2\/media?parent=102866"}],"wp:term":[{"taxonomy":"category","embeddable":true,"href":"https:\/\/prizrenpost.com\/al\/wp-json\/wp\/v2\/categories?post=102866"},{"taxonomy":"post_tag","embeddable":true,"href":"https:\/\/prizrenpost.com\/al\/wp-json\/wp\/v2\/tags?post=102866"}],"curies":[{"name":"wp","href":"https:\/\/api.w.org\/{rel}","templated":true}]}}