{"id":102872,"date":"2026-03-17T12:25:06","date_gmt":"2026-03-17T09:25:06","guid":{"rendered":"https:\/\/prizrenpost.com\/al\/hamasi-takohet-per-here-te-pare-me-bordin-e-paqes-te-trump\/"},"modified":"2026-03-17T12:25:06","modified_gmt":"2026-03-17T09:25:06","slug":"hamasi-takohet-per-here-te-pare-me-bordin-e-paqes-te-trump","status":"publish","type":"post","link":"https:\/\/prizrenpost.com\/al\/hamasi-takohet-per-here-te-pare-me-bordin-e-paqes-te-trump\/","title":{"rendered":"Hamasi takohet p\u00ebr her\u00eb t\u00eb par\u00eb me \u201cBordin e Paqes\u201d t\u00eb Trump"},"content":{"rendered":"<figure class=\"post-featured-image\"><img decoding=\"async\" src=\"https:\/\/prizrenpost.com\/al\/wp-content\/uploads\/2026\/03\/trump_board.jpg\" alt=\"Hamasi takohet p\u00ebr her\u00eb t\u00eb par\u00eb me \u201cBordin e Paqes\u201d t\u00eb Trump\"\/><\/figure>\n<p>P\u00ebrfaq\u00ebsues t\u00eb Hamasit jan\u00eb takuar p\u00ebr her\u00eb t\u00eb par\u00eb me t\u00eb d\u00ebrguarit e \u201cBordit t\u00eb Paqes\u201d t\u00eb presidentit amerikan Donald Trump, n\u00eb nj\u00eb p\u00ebrpjekje p\u00ebr t\u00eb ringjallur iniciativ\u00ebn p\u00ebr Gaz\u00ebn.<\/p>\n<p>Sipas raportimeve, takimi \u00ebsht\u00eb zhvilluar n\u00eb Kajro n\u00eb fund t\u00eb jav\u00ebs s\u00eb kaluar dhe \u00ebsht\u00eb cil\u00ebsuar si paraprak, pa ndonj\u00eb p\u00ebrparim konkret.<\/p>\n<p>Gjat\u00eb bisedimeve, zyrtar\u00ebt e Hamasit k\u00ebrkuan rihapjen e pik\u00ebs kufitare Rafah me Egjiptin, e cila mbetet e mbyllur pas sulmeve ajrore izraelite. Ata paralajm\u00ebruan se mungesa e qasjes humanitare mund t\u2019i shtyj\u00eb t\u00eb t\u00ebrhiqen nga marr\u00ebveshjet e arm\u00ebpushimit.<\/p>\n<p>Megjith\u00ebse nj\u00eb arm\u00ebpushim zyrtar i dha fund luft\u00ebs dyvje\u00e7are mes Izraelit dhe Gaz\u00ebs n\u00eb tetor, Izraeli ka vazhduar sulmet ajrore, duke shkaktuar qindra viktima t\u00eb reja. \/mesazhi<\/p>\n<hr style=\"margin:30px 0\"\/>\n<p style=\"font-size:13px;color:#666\">Burimi: <strong>mesazhi<\/strong><\/p>\n","protected":false},"excerpt":{"rendered":"<p>P\u00ebrfaq\u00ebsues t\u00eb Hamasit jan\u00eb takuar p\u00ebr her\u00eb t\u00eb par\u00eb me t\u00eb d\u00ebrguarit e \u201cBordit t\u00eb Paqes\u201d t\u00eb presidentit amerikan Donald Trump, n\u00eb nj\u00eb p\u00ebrpjekje p\u00ebr t\u00eb ringjallur iniciativ\u00ebn p\u00ebr Gaz\u00ebn. Sipas raportimeve, takimi \u00ebsht\u00eb zhvilluar n\u00eb Kajro n\u00eb fund t\u00eb jav\u00ebs s\u00eb kaluar dhe \u00ebsht\u00eb cil\u00ebsuar si paraprak, pa ndonj\u00eb p\u00ebrparim konkret. Gjat\u00eb bisedimeve, zyrtar\u00ebt [&hellip;]<\/p>\n","protected":false},"author":1,"featured_media":102871,"comment_status":"open","ping_status":"open","sticky":false,"template":"","format":"standard","meta":{"footnotes":""},"categories":[24],"tags":[3803],"class_list":["post-102872","post","type-post","status-publish","format-standard","has-post-thumbnail","hentry","category-bote","tag-aktuale"],"_links":{"self":[{"href":"https:\/\/prizrenpost.com\/al\/wp-json\/wp\/v2\/posts\/102872","targetHints":{"allow":["GET"]}}],"collection":[{"href":"https:\/\/prizrenpost.com\/al\/wp-json\/wp\/v2\/posts"}],"about":[{"href":"https:\/\/prizrenpost.com\/al\/wp-json\/wp\/v2\/types\/post"}],"author":[{"embeddable":true,"href":"https:\/\/prizrenpost.com\/al\/wp-json\/wp\/v2\/users\/1"}],"replies":[{"embeddable":true,"href":"https:\/\/prizrenpost.com\/al\/wp-json\/wp\/v2\/comments?post=102872"}],"version-history":[{"count":0,"href":"https:\/\/prizrenpost.com\/al\/wp-json\/wp\/v2\/posts\/102872\/revisions"}],"wp:featuredmedia":[{"embeddable":true,"href":"https:\/\/prizrenpost.com\/al\/wp-json\/wp\/v2\/media\/102871"}],"wp:attachment":[{"href":"https:\/\/prizrenpost.com\/al\/wp-json\/wp\/v2\/media?parent=102872"}],"wp:term":[{"taxonomy":"category","embeddable":true,"href":"https:\/\/prizrenpost.com\/al\/wp-json\/wp\/v2\/categories?post=102872"},{"taxonomy":"post_tag","embeddable":true,"href":"https:\/\/prizrenpost.com\/al\/wp-json\/wp\/v2\/tags?post=102872"}],"curies":[{"name":"wp","href":"https:\/\/api.w.org\/{rel}","templated":true}]}}