{"id":102879,"date":"2026-03-17T13:20:06","date_gmt":"2026-03-17T10:20:06","guid":{"rendered":"https:\/\/prizrenpost.com\/al\/lokacioni-i-ri-ne-bernice-vendi-i-vetem-per-shitjen-e-kafsheve-dhe-shpezeve-per-bajram\/"},"modified":"2026-03-17T13:20:06","modified_gmt":"2026-03-17T10:20:06","slug":"lokacioni-i-ri-ne-bernice-vendi-i-vetem-per-shitjen-e-kafsheve-dhe-shpezeve-per-bajram","status":"publish","type":"post","link":"https:\/\/prizrenpost.com\/al\/lokacioni-i-ri-ne-bernice-vendi-i-vetem-per-shitjen-e-kafsheve-dhe-shpezeve-per-bajram\/","title":{"rendered":"Lokacioni i ri n\u00eb B\u00ebrnic\u00eb \u2013 vendi i vet\u00ebm p\u00ebr shitjen e kafsh\u00ebve dhe shpez\u00ebve p\u00ebr Bajram"},"content":{"rendered":"<figure class=\"post-featured-image\"><img decoding=\"async\" src=\"https:\/\/prizrenpost.com\/al\/wp-content\/uploads\/2026\/01\/prizrenpostog-og.jpg\" alt=\"Lokacioni i ri n\u00eb B\u00ebrnic\u00eb \u2013 vendi i vet\u00ebm p\u00ebr shitjen e kafsh\u00ebve dhe shpez\u00ebve p\u00ebr Bajram\"\/><\/figure>\n<p>Komuna e Prishtin\u00ebs ka b\u00ebr\u00eb t\u00eb ditur se shitja e shpez\u00ebve dhe kafsh\u00ebve m\u00eb 18 dhe 19 mars 2026, me rastin e Fest\u00ebs s\u00eb Bajramit, do t\u00eb lejohet vet\u00ebm n\u00eb lokacionin e ri n\u00eb fshatin Bernic\u00eb e Poshtme n\u00eb parkingun n\u00eb rrug\u00ebn \u201cV\u00ebllez\u00ebrit Fazliu\u201d (ish tregu i automjeteve).<\/p>\n<p>Komuna ka b\u00ebr\u00eb t\u00eb ditur se n\u00eb k\u00ebt\u00eb lokacion nuk lejohet therja e apo prerja e kafsh\u00ebve dhe se Inspektorati komunal do t\u00eb jet\u00eb n\u00eb teren.<\/p>\n<p>\u201cN\u00eb k\u00ebt\u00eb lokacion lejohet vet\u00ebm shitja e kafsh\u00ebve, nd\u00ebrsa nuk lejohet therja apo prerja e tyre n\u00eb asnj\u00eb rrethan\u00eb. Po ashtu, k\u00ebrkohet nga t\u00eb gjith\u00eb shit\u00ebsit q\u00eb gjat\u00eb q\u00ebndrimit dhe aktivitetit t\u00eb tyre t\u00eb kujdesen p\u00ebr mir\u00ebmbajtjen e ambientit p\u00ebrreth, duke mos hedhur mbeturina apo mbetje t\u00eb tjera. P\u00ebr mbar\u00ebvajtjen e aktivitetit do t\u00eb kujdeset Inspektorati i Kryeqytetit, nd\u00ebrsa ndaj t\u00eb gjith\u00eb shit\u00ebsve q\u00eb hasen duke zhvilluar aktivitet jasht\u00eb k\u00ebtij lokacioni do t\u00eb nd\u00ebrmerren masa ligjore sipas legjislacionit n\u00eb fuqi\u201d, thuhet n\u00eb njoftimin e Komun\u00ebs<\/p>\n<hr style=\"margin:30px 0\"\/>\n<p style=\"font-size:13px;color:#666\">Burimi: <strong>mesazhi<\/strong><\/p>\n","protected":false},"excerpt":{"rendered":"<p>Komuna e Prishtin\u00ebs ka b\u00ebr\u00eb t\u00eb ditur se shitja e shpez\u00ebve dhe kafsh\u00ebve m\u00eb 18 dhe 19 mars 2026, me rastin e Fest\u00ebs s\u00eb Bajramit, do t\u00eb lejohet vet\u00ebm n\u00eb lokacionin e ri n\u00eb fshatin Bernic\u00eb e Poshtme n\u00eb parkingun n\u00eb rrug\u00ebn \u201cV\u00ebllez\u00ebrit Fazliu\u201d (ish tregu i automjeteve). Komuna ka b\u00ebr\u00eb t\u00eb ditur se n\u00eb [&hellip;]<\/p>\n","protected":false},"author":1,"featured_media":94304,"comment_status":"open","ping_status":"open","sticky":false,"template":"","format":"standard","meta":{"footnotes":""},"categories":[14],"tags":[3803],"class_list":["post-102879","post","type-post","status-publish","format-standard","has-post-thumbnail","hentry","category-kombetare","tag-aktuale"],"_links":{"self":[{"href":"https:\/\/prizrenpost.com\/al\/wp-json\/wp\/v2\/posts\/102879","targetHints":{"allow":["GET"]}}],"collection":[{"href":"https:\/\/prizrenpost.com\/al\/wp-json\/wp\/v2\/posts"}],"about":[{"href":"https:\/\/prizrenpost.com\/al\/wp-json\/wp\/v2\/types\/post"}],"author":[{"embeddable":true,"href":"https:\/\/prizrenpost.com\/al\/wp-json\/wp\/v2\/users\/1"}],"replies":[{"embeddable":true,"href":"https:\/\/prizrenpost.com\/al\/wp-json\/wp\/v2\/comments?post=102879"}],"version-history":[{"count":0,"href":"https:\/\/prizrenpost.com\/al\/wp-json\/wp\/v2\/posts\/102879\/revisions"}],"wp:featuredmedia":[{"embeddable":true,"href":"https:\/\/prizrenpost.com\/al\/wp-json\/wp\/v2\/media\/94304"}],"wp:attachment":[{"href":"https:\/\/prizrenpost.com\/al\/wp-json\/wp\/v2\/media?parent=102879"}],"wp:term":[{"taxonomy":"category","embeddable":true,"href":"https:\/\/prizrenpost.com\/al\/wp-json\/wp\/v2\/categories?post=102879"},{"taxonomy":"post_tag","embeddable":true,"href":"https:\/\/prizrenpost.com\/al\/wp-json\/wp\/v2\/tags?post=102879"}],"curies":[{"name":"wp","href":"https:\/\/api.w.org\/{rel}","templated":true}]}}