{"id":102886,"date":"2026-03-17T13:50:06","date_gmt":"2026-03-17T10:50:06","guid":{"rendered":"https:\/\/prizrenpost.com\/al\/22-vjet-nga-trazirat-e-marsit\/"},"modified":"2026-03-17T13:50:06","modified_gmt":"2026-03-17T10:50:06","slug":"22-vjet-nga-trazirat-e-marsit","status":"publish","type":"post","link":"https:\/\/prizrenpost.com\/al\/22-vjet-nga-trazirat-e-marsit\/","title":{"rendered":"22 vjet nga trazirat e marsit"},"content":{"rendered":"<figure class=\"post-featured-image\"><img decoding=\"async\" src=\"https:\/\/prizrenpost.com\/al\/wp-content\/uploads\/2026\/01\/prizrenpostog-og.jpg\" alt=\"22 vjet nga trazirat e marsit\"\/><\/figure>\n<p>M\u00eb 17 mars 2004 shp\u00ebrthyen protestat q\u00eb m\u00eb von\u00eb do t\u00eb njiheshin si Trazirat e Marsit 2004 n\u00eb Kosov\u00eb. Ato zgjat\u00ebn dy dit\u00eb dhe gjat\u00eb k\u00ebsaj periudhe humb\u00ebn jet\u00ebn 20 civil\u00eb, nd\u00ebrsa mbi 900 persona u plagos\u00ebn, shumica prej tyre shqiptar\u00eb.<\/p>\n<p>Ngjarjet nis\u00ebn pas raportimeve se tre f\u00ebmij\u00eb shqiptar\u00eb ishin mbytur n\u00eb lumin Ib\u00ebr, duke tentuar t\u2019i shp\u00ebtonin ndjekjes nga nj\u00eb grup t\u00eb rinjsh serb\u00eb. Megjithat\u00eb, rrethanat e plota t\u00eb k\u00ebsaj tragjedie nuk u zbardh\u00ebn kurr\u00eb plot\u00ebsisht.<\/p>\n<p>Nj\u00eb nga f\u00ebmij\u00ebt q\u00eb mbijetoi deklaroi para mediave se ata ishin ndjekur dhe, gjat\u00eb p\u00ebrpjekjes p\u00ebr t\u2019u larguar, disa prej tyre p\u00ebrfunduan n\u00eb lum\u00eb ku edhe u mbyt\u00ebn.<\/p>\n<p>T\u00eb nes\u00ebrmen, m\u00eb 17 mars, protesta shp\u00ebrthyen n\u00eb shum\u00eb qytete t\u00eb Kosov\u00ebs dhe shpejt u shnd\u00ebrruan n\u00eb p\u00ebrplasje t\u00eb dhunshme.<\/p>\n<p>Fillimisht, protestat kishin n\u00eb sh\u00ebnjest\u00ebr administrat\u00ebn e UNMIK-ut, por situata doli jasht\u00eb kontrollit.<\/p>\n<p>Gjat\u00eb trazirave u dogj\u00ebn sht\u00ebpi dhe kisha serbe, nd\u00ebrsa n\u00eb zonat me shumic\u00eb serbe u sulmuan edhe prona shqiptare. N\u00eb reagim, n\u00eb Serbi u raportuan raste t\u00eb djegies s\u00eb disa xhamive.<\/p>\n<hr style=\"margin:30px 0\"\/>\n<p style=\"font-size:13px;color:#666\">Burimi: <strong>mesazhi<\/strong><\/p>\n","protected":false},"excerpt":{"rendered":"<p>M\u00eb 17 mars 2004 shp\u00ebrthyen protestat q\u00eb m\u00eb von\u00eb do t\u00eb njiheshin si Trazirat e Marsit 2004 n\u00eb Kosov\u00eb. Ato zgjat\u00ebn dy dit\u00eb dhe gjat\u00eb k\u00ebsaj periudhe humb\u00ebn jet\u00ebn 20 civil\u00eb, nd\u00ebrsa mbi 900 persona u plagos\u00ebn, shumica prej tyre shqiptar\u00eb. Ngjarjet nis\u00ebn pas raportimeve se tre f\u00ebmij\u00eb shqiptar\u00eb ishin mbytur n\u00eb lumin Ib\u00ebr, duke [&hellip;]<\/p>\n","protected":false},"author":1,"featured_media":94304,"comment_status":"open","ping_status":"open","sticky":false,"template":"","format":"standard","meta":{"footnotes":""},"categories":[14],"tags":[3803],"class_list":["post-102886","post","type-post","status-publish","format-standard","has-post-thumbnail","hentry","category-kombetare","tag-aktuale"],"_links":{"self":[{"href":"https:\/\/prizrenpost.com\/al\/wp-json\/wp\/v2\/posts\/102886","targetHints":{"allow":["GET"]}}],"collection":[{"href":"https:\/\/prizrenpost.com\/al\/wp-json\/wp\/v2\/posts"}],"about":[{"href":"https:\/\/prizrenpost.com\/al\/wp-json\/wp\/v2\/types\/post"}],"author":[{"embeddable":true,"href":"https:\/\/prizrenpost.com\/al\/wp-json\/wp\/v2\/users\/1"}],"replies":[{"embeddable":true,"href":"https:\/\/prizrenpost.com\/al\/wp-json\/wp\/v2\/comments?post=102886"}],"version-history":[{"count":0,"href":"https:\/\/prizrenpost.com\/al\/wp-json\/wp\/v2\/posts\/102886\/revisions"}],"wp:featuredmedia":[{"embeddable":true,"href":"https:\/\/prizrenpost.com\/al\/wp-json\/wp\/v2\/media\/94304"}],"wp:attachment":[{"href":"https:\/\/prizrenpost.com\/al\/wp-json\/wp\/v2\/media?parent=102886"}],"wp:term":[{"taxonomy":"category","embeddable":true,"href":"https:\/\/prizrenpost.com\/al\/wp-json\/wp\/v2\/categories?post=102886"},{"taxonomy":"post_tag","embeddable":true,"href":"https:\/\/prizrenpost.com\/al\/wp-json\/wp\/v2\/tags?post=102886"}],"curies":[{"name":"wp","href":"https:\/\/api.w.org\/{rel}","templated":true}]}}