{"id":102890,"date":"2026-03-17T13:50:09","date_gmt":"2026-03-17T10:50:09","guid":{"rendered":"https:\/\/prizrenpost.com\/al\/edhe-24-milione-euro-per-spitalin-e-harruar-te-ferizajt\/"},"modified":"2026-03-17T13:50:09","modified_gmt":"2026-03-17T10:50:09","slug":"edhe-24-milione-euro-per-spitalin-e-harruar-te-ferizajt","status":"publish","type":"post","link":"https:\/\/prizrenpost.com\/al\/edhe-24-milione-euro-per-spitalin-e-harruar-te-ferizajt\/","title":{"rendered":"Edhe 24 milion\u00eb euro p\u00ebr \u201cspitalin e harruar\u201d t\u00eb Ferizajt"},"content":{"rendered":"<figure class=\"post-featured-image\"><img decoding=\"async\" src=\"https:\/\/prizrenpost.com\/al\/wp-content\/uploads\/2026\/03\/4c05132d-2a26-4735-bf6f-600da24f8447.jpg\" alt=\"Edhe 24 milion\u00eb euro p\u00ebr \u201cspitalin e harruar\u201d t\u00eb Ferizajt\"\/><\/figure>\n<p>Edhe 24 milion\u00eb euro do t\u00eb ndahen p\u00ebr t\u00eb nd\u00ebrtuar spitalin e Ferizajt, q\u00eb si projekt u nis qysh m\u00eb 2018. Pas kontratave, ankesave e edhe d\u00ebrgimit t\u00eb l\u00ebnd\u00ebve n\u00eb Prokurori, ministri i Sh\u00ebndet\u00ebsis\u00eb, Arben Vitia, ka njoftuar se e ka n\u00ebnshkruar kontrat\u00ebn p\u00ebr vazhdimin e punimeve.<\/p>\n<p>Sipas njoftimit t\u00eb tij, projekti do t\u00eb finalizohet p\u00ebr 30 muaj e do t\u00eb ket\u00eb kosto rreth 24 milion\u00eb eurosh.<\/p>\n<p>\u201cKam n\u00ebnshkruar kontrat\u00ebn p\u00ebr vazhdimin e punimeve n\u00eb Spitalin e Ferizajt. Pas shum\u00eb sfidave dhe v\u00ebshtir\u00ebsive t\u00eb trash\u00ebguara e t\u00eb reja, ky projekt do t\u00eb finalizohet brenda 30 muajsh. Ky \u00ebsht\u00eb nj\u00eb projekt shum\u00eb i r\u00ebnd\u00ebsish\u00ebm p\u00ebr k\u00ebt\u00eb rajon, q\u00eb do t\u00eb realizohet sipas standardeve m\u00eb t\u00eb larta t\u00eb infrastruktur\u00ebs spitalore, me nj\u00eb kosto prej 24 milion\u00eb euro. Urime p\u00ebr t\u00eb gjith\u00eb qytetar\u00ebt e Ferizajt p\u00ebr k\u00ebt\u00eb projekt t\u00eb shum\u00ebpritur\u201d, ka shkruar Vitia.<\/p>\n<hr style=\"margin:30px 0\"\/>\n<p style=\"font-size:13px;color:#666\">Burimi: <strong>mesazhi<\/strong><\/p>\n","protected":false},"excerpt":{"rendered":"<p>Edhe 24 milion\u00eb euro do t\u00eb ndahen p\u00ebr t\u00eb nd\u00ebrtuar spitalin e Ferizajt, q\u00eb si projekt u nis qysh m\u00eb 2018. Pas kontratave, ankesave e edhe d\u00ebrgimit t\u00eb l\u00ebnd\u00ebve n\u00eb Prokurori, ministri i Sh\u00ebndet\u00ebsis\u00eb, Arben Vitia, ka njoftuar se e ka n\u00ebnshkruar kontrat\u00ebn p\u00ebr vazhdimin e punimeve. Sipas njoftimit t\u00eb tij, projekti do t\u00eb finalizohet [&hellip;]<\/p>\n","protected":false},"author":1,"featured_media":102889,"comment_status":"open","ping_status":"open","sticky":false,"template":"","format":"standard","meta":{"footnotes":""},"categories":[14],"tags":[3803],"class_list":["post-102890","post","type-post","status-publish","format-standard","has-post-thumbnail","hentry","category-kombetare","tag-aktuale"],"_links":{"self":[{"href":"https:\/\/prizrenpost.com\/al\/wp-json\/wp\/v2\/posts\/102890","targetHints":{"allow":["GET"]}}],"collection":[{"href":"https:\/\/prizrenpost.com\/al\/wp-json\/wp\/v2\/posts"}],"about":[{"href":"https:\/\/prizrenpost.com\/al\/wp-json\/wp\/v2\/types\/post"}],"author":[{"embeddable":true,"href":"https:\/\/prizrenpost.com\/al\/wp-json\/wp\/v2\/users\/1"}],"replies":[{"embeddable":true,"href":"https:\/\/prizrenpost.com\/al\/wp-json\/wp\/v2\/comments?post=102890"}],"version-history":[{"count":0,"href":"https:\/\/prizrenpost.com\/al\/wp-json\/wp\/v2\/posts\/102890\/revisions"}],"wp:featuredmedia":[{"embeddable":true,"href":"https:\/\/prizrenpost.com\/al\/wp-json\/wp\/v2\/media\/102889"}],"wp:attachment":[{"href":"https:\/\/prizrenpost.com\/al\/wp-json\/wp\/v2\/media?parent=102890"}],"wp:term":[{"taxonomy":"category","embeddable":true,"href":"https:\/\/prizrenpost.com\/al\/wp-json\/wp\/v2\/categories?post=102890"},{"taxonomy":"post_tag","embeddable":true,"href":"https:\/\/prizrenpost.com\/al\/wp-json\/wp\/v2\/tags?post=102890"}],"curies":[{"name":"wp","href":"https:\/\/api.w.org\/{rel}","templated":true}]}}