{"id":102906,"date":"2026-03-17T16:15:07","date_gmt":"2026-03-17T13:15:07","guid":{"rendered":"https:\/\/prizrenpost.com\/al\/prokuroria-e-prizrenit-ngrit-aktakuza-kunder-19-personave\/"},"modified":"2026-03-17T16:15:07","modified_gmt":"2026-03-17T13:15:07","slug":"prokuroria-e-prizrenit-ngrit-aktakuza-kunder-19-personave","status":"publish","type":"post","link":"https:\/\/prizrenpost.com\/al\/prokuroria-e-prizrenit-ngrit-aktakuza-kunder-19-personave\/","title":{"rendered":"Prokuroria e Prizrenit ngrit aktakuza kund\u00ebr 19 personave"},"content":{"rendered":"<figure class=\"post-featured-image\"><img decoding=\"async\" src=\"https:\/\/prizrenpost.com\/al\/wp-content\/uploads\/2026\/03\/Prokuroria-PZ-1.jpg\" alt=\"Prokuroria e Prizrenit ngrit aktakuza kund\u00ebr 19 personave\"\/><\/figure>\n<p>Prokurori i Shtetit, njofton se gjat\u00eb 24 or\u00ebve t\u00eb fundit, nga prokurorit\u00eb themelore jan\u00eb ngritur<br \/>\ntridhjet\u00eb (30) aktakuza kund\u00ebr dyzet e pes\u00eb (45) personave, p\u00ebr kryerjen e veprave t\u00eb ndryshme penale, p\u00ebrcjell Gazeta e Prizrenit.<\/p>\n<p>Po ashtu, me urdh\u00ebr t\u00eb Prokurorit t\u00eb Shtetit jan\u00eb ndaluar kat\u00ebr (4) persona, t\u00eb dyshuar p\u00ebr kryerje t\u00eb veprave penale.<\/p>\n<p>Prokuroria Themelore n\u00eb Prizren, gjat\u00eb 24 or\u00ebve t\u00eb fundit, ka ndaluar nj\u00eb (1) person t\u00eb dyshuar, si dhe ka ngritur nj\u00ebmb\u00ebdhjet\u00eb (11) aktakuza kund\u00ebr n\u00ebnt\u00ebmb\u00ebdhjet\u00eb (19) personave, p\u00ebr vepra t\u00eb ndryshme penale.<\/p>\n<p>Ndalimet e personave me urdh\u00ebr t\u00eb prokurorit:<br \/>\nDepartamenti i Krimeve t\u00eb R\u00ebnda, me urdh\u00ebr t\u00eb prokurorit ka ndaluar p\u00ebr 48 or\u00eb, nj\u00eb (1) person t\u00eb dyshuar p\u00ebr vepr\u00ebn penale \u201cFajdeja\u201d dhe \u201cDetyrimi\u201d sipas KPRK-s\u00eb.<\/p>\n<p>Aktakuzat:<br \/>\nProkuroria Themelore n\u00eb Prizren, ka ngritur nj\u00ebmb\u00ebdhjet\u00eb (11) aktakuza kund\u00ebr n\u00ebnt\u00ebmb\u00ebdhjet\u00eb (19) personave, p\u00ebr veprat penale si n\u00eb vijim:<br \/>\nTri (3) aktakuza kund\u00ebr tre (3) personave p\u00ebr vepr\u00ebn penale \u201cVjedhja\u201d;<br \/>\nDy (2) aktakuza kund\u00ebr dy (2) personave p\u00ebr vepr\u00ebn penale \u201cPosedimi i paautorizuar i narkotik\u00ebve, substancave psikotrope apo analoge\u201d;<br \/>\nNj\u00eb (1) aktakuz\u00eb kund\u00ebr gjasht\u00eb (6) personave p\u00ebr vepr\u00ebn penale \u201cAsgj\u00ebsimi, d\u00ebmtimi ose heqja e pajisjeve mbrojt\u00ebse dhe rrezikimi i siguris\u00eb n\u00eb vendin e pun\u00ebs\u201d;<\/p>\n<p>Nj\u00eb (1) aktakuz\u00eb kund\u00ebr dy (2) personave p\u00ebr veprat penale \u201cKanosja\u201d dhe \u201cSulmi\u201d;<br \/>\nNj\u00eb (1) aktakuz\u00eb kund\u00ebr dy (2) personave p\u00ebr veprat penale \u201cSulmi\u201d dhe \u201cL\u00ebndimi i leht\u00eb trupor\u201d;<br \/>\nNj\u00eb (1) aktakuz\u00eb kund\u00ebr dy (2) personave p\u00ebr veprat penale \u201cL\u00ebndimi i leht\u00eb trupor\u201d dhe \u201cBlerja, pranimi ose fshehja e sendeve t\u00eb p\u00ebrfituara me kryerjen e vepr\u00ebs penale;<br \/>\nNj\u00eb (1) aktakuz\u00eb kund\u00ebr nj\u00eb (1) personi p\u00ebr vepr\u00ebn penale \u201cVet\u00ebgjyq\u00ebsia\u201d;<br \/>\nNj\u00eb (1) aktakuz\u00eb kund\u00ebr nj\u00eb (1) personi p\u00ebr vepr\u00ebn penale \u201cL\u00ebndimi i leht\u00eb trupor\u201d.<\/p>\n<hr style=\"margin:30px 0\"\/>\n<p style=\"font-size:13px;color:#666\">Burimi: <strong>gazetaeprizrenit<\/strong><\/p>\n","protected":false},"excerpt":{"rendered":"<p>Prokurori i Shtetit, njofton se gjat\u00eb 24 or\u00ebve t\u00eb fundit, nga prokurorit\u00eb themelore jan\u00eb ngritur tridhjet\u00eb (30) aktakuza kund\u00ebr dyzet e pes\u00eb (45) personave, p\u00ebr kryerjen e veprave t\u00eb ndryshme penale, p\u00ebrcjell Gazeta e Prizrenit. Po ashtu, me urdh\u00ebr t\u00eb Prokurorit t\u00eb Shtetit jan\u00eb ndaluar kat\u00ebr (4) persona, t\u00eb dyshuar p\u00ebr kryerje t\u00eb veprave penale. [&hellip;]<\/p>\n","protected":false},"author":1,"featured_media":102905,"comment_status":"open","ping_status":"open","sticky":false,"template":"","format":"standard","meta":{"footnotes":""},"categories":[22],"tags":[],"class_list":["post-102906","post","type-post","status-publish","format-standard","has-post-thumbnail","hentry","category-prizren"],"_links":{"self":[{"href":"https:\/\/prizrenpost.com\/al\/wp-json\/wp\/v2\/posts\/102906","targetHints":{"allow":["GET"]}}],"collection":[{"href":"https:\/\/prizrenpost.com\/al\/wp-json\/wp\/v2\/posts"}],"about":[{"href":"https:\/\/prizrenpost.com\/al\/wp-json\/wp\/v2\/types\/post"}],"author":[{"embeddable":true,"href":"https:\/\/prizrenpost.com\/al\/wp-json\/wp\/v2\/users\/1"}],"replies":[{"embeddable":true,"href":"https:\/\/prizrenpost.com\/al\/wp-json\/wp\/v2\/comments?post=102906"}],"version-history":[{"count":0,"href":"https:\/\/prizrenpost.com\/al\/wp-json\/wp\/v2\/posts\/102906\/revisions"}],"wp:featuredmedia":[{"embeddable":true,"href":"https:\/\/prizrenpost.com\/al\/wp-json\/wp\/v2\/media\/102905"}],"wp:attachment":[{"href":"https:\/\/prizrenpost.com\/al\/wp-json\/wp\/v2\/media?parent=102906"}],"wp:term":[{"taxonomy":"category","embeddable":true,"href":"https:\/\/prizrenpost.com\/al\/wp-json\/wp\/v2\/categories?post=102906"},{"taxonomy":"post_tag","embeddable":true,"href":"https:\/\/prizrenpost.com\/al\/wp-json\/wp\/v2\/tags?post=102906"}],"curies":[{"name":"wp","href":"https:\/\/api.w.org\/{rel}","templated":true}]}}