{"id":10313,"date":"2014-09-25T12:08:51","date_gmt":"2014-09-25T10:08:51","guid":{"rendered":"http:\/\/prizrenpost.com\/al\/?p=10313"},"modified":"2019-06-13T11:57:24","modified_gmt":"2019-06-13T09:57:24","slug":"ks-me-rezolute-qe-obligon-vendet-te-luftojne-xhihadistet","status":"publish","type":"post","link":"https:\/\/prizrenpost.com\/al\/ks-me-rezolute-qe-obligon-vendet-te-luftojne-xhihadistet\/","title":{"rendered":"KS me rezolut\u00eb q\u00eb obligon vendet t\u00eb luftojn\u00eb xhihadist\u00ebt"},"content":{"rendered":"<p><img decoding=\"async\" src=\"https:\/\/prizrenpost.com\/al\/wp-content\/uploads\/2014\/09\/keshilli-i-sigurimit.jpg\" alt=\"\" width=\"100%\" height=\"\" class=\"alignleft size-full wp-image-55560\" srcset=\"https:\/\/prizrenpost.com\/al\/wp-content\/uploads\/2014\/09\/keshilli-i-sigurimit.jpg 620w, https:\/\/prizrenpost.com\/al\/wp-content\/uploads\/2014\/09\/keshilli-i-sigurimit-300x168.jpg 300w\" sizes=\"(max-width: 620px) 100vw, 620px\" \/><\/p>\n<p><strong>K\u00ebshilli i Sigurimit i Kombeve t\u00eb Bashkuara ka miratuar rezolut\u00eb me t\u00eb cil\u00ebn vendet an\u00ebtare t\u00eb Kombeve t\u00eb Bashkuara obligohen t\u2019ua ndalojn\u00eb qytetar\u00ebve t\u00eb tyre t\u00eb mb\u00ebshtesin organizatat radikale.<\/strong><\/p>\n<p>K\u00ebshilli i Sigurimit i Kombeve t\u00eb Bashkuara n\u00eb nj\u00eb takim n\u00ebn udh\u00ebheqjen e presidentit t\u00eb SHBA, Barack Obama dhe me pjes\u00ebmarrje t\u00eb 15 udh\u00ebheq\u00ebsve t\u00eb shteteve an\u00ebtare ka miratuar mbr\u00ebm\u00eb nj\u00ebz\u00ebri nj\u00eb rezolut\u00eb me t\u00eb cil\u00ebn vendet an\u00ebtare t\u00eb Kombeve t\u00eb Bashkuara obligohen t\u2019ua ndalojn\u00eb qytetar\u00ebve t\u00eb tyre t\u00eb mb\u00ebshtesin organizatat radikale dhe grupin e Shtetit Islamik ose ISIS. <\/p>\n<p>Rezoluta u miratua me 15 vota p\u00ebr dhe asnj\u00eb kund\u00ebr, teksti i s\u00eb cil\u00ebs k\u00ebrkon nga vendet q\u00eb t\u00eb cil\u00ebsojn\u00eb t\u00eb paligjshme dhe krim shkuarjen e qytetar\u00ebve t\u00eb tyre jasht\u00eb vendit me q\u00ebllim t\u00eb bashkimit n\u00eb l\u00ebvizjet e dhunshme ekstremiste dhe xhihadiste apo rekrutimin e luft\u00ebtar\u00ebve p\u00ebr k\u00ebt\u00eb q\u00ebllim.<\/p>\n<p>Shpallet krim shkuarja dhe rekrutimi p\u00ebr luft\u00ebn n\u00eb Siri<\/p>\n<p>Pas miratimit t\u00eb rezolut\u00ebs, presidenti Obama k\u00ebrkoi q\u00eb nga fjal\u00ebt t\u00eb kalohej n\u00eb vepra. Ai tha se \u2018nj\u00eb retorik\u00eb qoft\u00eb me q\u00ebllimet m\u00eb t\u00eb mira nuk do t\u00eb mund t\u00eb ndal as edhe nj\u00eb sulm t\u00eb vet\u00ebm terrorist.\u2019&#8221;Fjal\u00ebt q\u00eb u than\u00eb sot k\u00ebtu duhet t\u00eb kthehen n\u00eb veprime, n\u00eb vepra, n\u00eb aksione konkrete, brenda vet\u00eb vendeve dhe n\u00eb mes tyre, jo vet\u00ebm n\u00eb dit\u00ebt por edhe n\u00eb vitet q\u00eb do t\u00eb vijn\u00eb,&#8221; tha presidenti amerikan. Shumica e burrshtetasve t\u00eb vendeve an\u00ebtare n\u00eb k\u00ebt\u00eb takim mb\u00ebshtet\u00ebn komentet e presidentit Obama, sidomos p\u00ebrfaq\u00ebsuesit e vendeve arabe, t\u00eb cilat i jan\u00eb bashkuar koalicionit ushtarak q\u00eb k\u00ebt\u00eb jav\u00eb ka filluar sulmet kund\u00ebr pjes\u00ebtar\u00ebve t\u00eb shtetit islamik n\u00eb Siri dhe Irak.<\/p>\n<p>DASH: Lavdrim Muhaxheri n\u00eb list\u00ebn e terrorist\u00ebve<\/p>\n<p>Poashtu dje pasdite, Departmenti Amerikan i Shtetit p\u00ebrmes nj\u00eb urdhri ekzekutiv, ka nxjerr\u00eb nj\u00eb list\u00eb prej 10 individ\u00ebsh si dhe dy organizata t\u00eb cil\u00ebt i cil\u00ebson si terrorist\u00eb, n\u00eb mesin e tyre edhe ka\u00e7anikasin fam\u00ebkeq, Lavdrim Muhaxheri, p\u00ebr t\u00eb cilin thuhet se \u00ebsht\u00eb shqiptar nga Kosova si luft\u00ebtar i huaj i ISIS-it q\u00eb operon n\u00eb Siri dhe n\u00eb Irak. Dy organizatat q\u00eb u shpall\u00ebn terroriste, e q\u00eb poashtu operojn\u00eb n\u00eb Siri jan\u00eb nj\u00ebra e krijuar nga \u00e7e\u00e7enet dhe nj\u00eb tjet\u00ebr nga maroken\u00ebt.<\/p>\n","protected":false},"excerpt":{"rendered":"<p>K\u00ebshilli i Sigurimit i Kombeve t\u00eb Bashkuara ka miratuar rezolut\u00eb me t\u00eb cil\u00ebn vendet an\u00ebtare t\u00eb Kombeve t\u00eb Bashkuara obligohen t\u2019ua ndalojn\u00eb qytetar\u00ebve t\u00eb tyre t\u00eb mb\u00ebshtesin organizatat radikale. K\u00ebshilli i Sigurimit i Kombeve t\u00eb Bashkuara n\u00eb nj\u00eb takim n\u00ebn udh\u00ebheqjen e presidentit t\u00eb SHBA, Barack Obama dhe me pjes\u00ebmarrje t\u00eb 15 udh\u00ebheq\u00ebsve t\u00eb shteteve [&hellip;]<\/p>\n","protected":false},"author":1,"featured_media":55560,"comment_status":"open","ping_status":"open","sticky":false,"template":"","format":"standard","meta":{"footnotes":""},"categories":[1],"tags":[1914,1830,5374,844],"class_list":["post-10313","post","type-post","status-publish","format-standard","has-post-thumbnail","hentry","category-lajme","tag-keshilli-i-sigurimit","tag-okb","tag-rezolute","tag-siria"],"_links":{"self":[{"href":"https:\/\/prizrenpost.com\/al\/wp-json\/wp\/v2\/posts\/10313","targetHints":{"allow":["GET"]}}],"collection":[{"href":"https:\/\/prizrenpost.com\/al\/wp-json\/wp\/v2\/posts"}],"about":[{"href":"https:\/\/prizrenpost.com\/al\/wp-json\/wp\/v2\/types\/post"}],"author":[{"embeddable":true,"href":"https:\/\/prizrenpost.com\/al\/wp-json\/wp\/v2\/users\/1"}],"replies":[{"embeddable":true,"href":"https:\/\/prizrenpost.com\/al\/wp-json\/wp\/v2\/comments?post=10313"}],"version-history":[{"count":0,"href":"https:\/\/prizrenpost.com\/al\/wp-json\/wp\/v2\/posts\/10313\/revisions"}],"wp:featuredmedia":[{"embeddable":true,"href":"https:\/\/prizrenpost.com\/al\/wp-json\/wp\/v2\/media\/55560"}],"wp:attachment":[{"href":"https:\/\/prizrenpost.com\/al\/wp-json\/wp\/v2\/media?parent=10313"}],"wp:term":[{"taxonomy":"category","embeddable":true,"href":"https:\/\/prizrenpost.com\/al\/wp-json\/wp\/v2\/categories?post=10313"},{"taxonomy":"post_tag","embeddable":true,"href":"https:\/\/prizrenpost.com\/al\/wp-json\/wp\/v2\/tags?post=10313"}],"curies":[{"name":"wp","href":"https:\/\/api.w.org\/{rel}","templated":true}]}}