{"id":104674,"date":"2026-03-30T09:35:19","date_gmt":"2026-03-30T06:35:19","guid":{"rendered":"https:\/\/prizrenpost.com\/al\/ministria-e-jashtme-e-shqiperise-thirrje-qytetareve-shmangni-udhetimet-ne-lindjen-e-mesme\/"},"modified":"2026-03-30T09:35:19","modified_gmt":"2026-03-30T06:35:19","slug":"ministria-e-jashtme-e-shqiperise-thirrje-qytetareve-shmangni-udhetimet-ne-lindjen-e-mesme","status":"publish","type":"post","link":"https:\/\/prizrenpost.com\/al\/ministria-e-jashtme-e-shqiperise-thirrje-qytetareve-shmangni-udhetimet-ne-lindjen-e-mesme\/","title":{"rendered":"Ministria e Jashtme e Shqip\u00ebris\u00eb thirrje qytetar\u00ebve: Shmangni udh\u00ebtimet n\u00eb Lindjen e Mesme"},"content":{"rendered":"<figure class=\"post-featured-image\"><img decoding=\"async\" src=\"https:\/\/prizrenpost.com\/al\/wp-content\/uploads\/2026\/01\/prizrenpostog-og.jpg\" alt=\"Ministria e Jashtme e Shqip\u00ebris\u00eb thirrje qytetar\u00ebve: Shmangni udh\u00ebtimet n\u00eb Lindjen e Mesme\"\/><\/figure>\n<p>Ministria p\u00ebr Europ\u00ebn dhe Pun\u00ebt e Jashtme n\u00eb Shqip\u00ebri ka dal\u00eb me nj\u00eb thirrje lidhur me situat\u00ebn dhe p\u00ebrshkall\u00ebzimin e luft\u00ebs n\u00eb Lindjen e Mesme.<\/p>\n<p>Sipas njoftimit, Ministria u ka b\u00ebr\u00eb thirrje qytetar\u00ebve shqiptar\u00eb q\u00eb t\u00eb shmangin \u00e7do udh\u00ebtim jo t\u00eb domosdosh\u00ebm, n\u00eb m\u00ebnyr\u00eb t\u00eb ve\u00e7ant\u00eb udh\u00ebtimet p\u00ebr arsye turistike n\u00eb k\u00ebt\u00eb rajon.<\/p>\n<p>\u201cN\u00eb vijim t\u00eb komunikimeve t\u00eb m\u00ebparshme lidhur me p\u00ebrshkall\u00ebzimin n\u00eb rajonin e Lindjes s\u00eb Mesme, dhe n\u00eb kushtet e pasiguris\u00eb dhe paparashikueshm\u00ebris\u00eb s\u00eb zhvillimeve, Ministria p\u00ebr Evrop\u00ebn dhe Pun\u00ebt e Jashtme p\u00ebrs\u00ebrit thirrjen p\u00ebr qytetar\u00ebt shqiptar\u00eb q\u00eb t\u00eb shmangin sa m\u00eb shum\u00eb t\u00eb jet\u00eb e mundur \u00e7do udh\u00ebtim jo t\u00eb domosdosh\u00ebm, n\u00eb m\u00ebnyr\u00eb t\u00eb ve\u00e7ant\u00eb \u00e7do udh\u00ebtim p\u00ebr arsye turistike n\u00eb k\u00ebt\u00eb rajon, deri n\u00eb nj\u00eb njoftim t\u00eb dyt\u00eb. Ministria p\u00ebr Evrop\u00ebn dhe Pun\u00ebt e Jashtme po ndjek me v\u00ebmendje zhvillimet dhe do t\u00eb informoj\u00eb publikun n\u00eb m\u00ebnyr\u00eb t\u00eb vazhdueshme\u201d, thuhet n\u00eb njoftim, shkruan EuroNews.<\/p>\n<hr style=\"margin:30px 0\"\/>\n<p style=\"font-size:13px;color:#666\">Burimi: <strong>mesazhi<\/strong><\/p>\n","protected":false},"excerpt":{"rendered":"<p>Ministria p\u00ebr Europ\u00ebn dhe Pun\u00ebt e Jashtme n\u00eb Shqip\u00ebri ka dal\u00eb me nj\u00eb thirrje lidhur me situat\u00ebn dhe p\u00ebrshkall\u00ebzimin e luft\u00ebs n\u00eb Lindjen e Mesme. Sipas njoftimit, Ministria u ka b\u00ebr\u00eb thirrje qytetar\u00ebve shqiptar\u00eb q\u00eb t\u00eb shmangin \u00e7do udh\u00ebtim jo t\u00eb domosdosh\u00ebm, n\u00eb m\u00ebnyr\u00eb t\u00eb ve\u00e7ant\u00eb udh\u00ebtimet p\u00ebr arsye turistike n\u00eb k\u00ebt\u00eb rajon. \u201cN\u00eb vijim [&hellip;]<\/p>\n","protected":false},"author":1,"featured_media":94304,"comment_status":"open","ping_status":"open","sticky":false,"template":"","format":"standard","meta":{"footnotes":""},"categories":[15],"tags":[],"class_list":["post-104674","post","type-post","status-publish","format-standard","has-post-thumbnail","hentry","category-ballkan"],"_links":{"self":[{"href":"https:\/\/prizrenpost.com\/al\/wp-json\/wp\/v2\/posts\/104674","targetHints":{"allow":["GET"]}}],"collection":[{"href":"https:\/\/prizrenpost.com\/al\/wp-json\/wp\/v2\/posts"}],"about":[{"href":"https:\/\/prizrenpost.com\/al\/wp-json\/wp\/v2\/types\/post"}],"author":[{"embeddable":true,"href":"https:\/\/prizrenpost.com\/al\/wp-json\/wp\/v2\/users\/1"}],"replies":[{"embeddable":true,"href":"https:\/\/prizrenpost.com\/al\/wp-json\/wp\/v2\/comments?post=104674"}],"version-history":[{"count":0,"href":"https:\/\/prizrenpost.com\/al\/wp-json\/wp\/v2\/posts\/104674\/revisions"}],"wp:featuredmedia":[{"embeddable":true,"href":"https:\/\/prizrenpost.com\/al\/wp-json\/wp\/v2\/media\/94304"}],"wp:attachment":[{"href":"https:\/\/prizrenpost.com\/al\/wp-json\/wp\/v2\/media?parent=104674"}],"wp:term":[{"taxonomy":"category","embeddable":true,"href":"https:\/\/prizrenpost.com\/al\/wp-json\/wp\/v2\/categories?post=104674"},{"taxonomy":"post_tag","embeddable":true,"href":"https:\/\/prizrenpost.com\/al\/wp-json\/wp\/v2\/tags?post=104674"}],"curies":[{"name":"wp","href":"https:\/\/api.w.org\/{rel}","templated":true}]}}