{"id":105313,"date":"2026-04-06T15:10:11","date_gmt":"2026-04-06T12:10:11","guid":{"rendered":"https:\/\/prizrenpost.com\/al\/respekto-ligjin-per-gjuhet-studentet-shqiptare-ne-shkup-kerkojne-provim-ne-shqip\/"},"modified":"2026-04-06T15:10:11","modified_gmt":"2026-04-06T12:10:11","slug":"respekto-ligjin-per-gjuhet-studentet-shqiptare-ne-shkup-kerkojne-provim-ne-shqip","status":"publish","type":"post","link":"https:\/\/prizrenpost.com\/al\/respekto-ligjin-per-gjuhet-studentet-shqiptare-ne-shkup-kerkojne-provim-ne-shqip\/","title":{"rendered":"\u201cRespekto Ligjin p\u00ebr gjuh\u00ebt\u201d, student\u00ebt shqiptar\u00eb n\u00eb Shkup k\u00ebrkojn\u00eb provim n\u00eb shqip"},"content":{"rendered":"<figure class=\"post-featured-image\"><img decoding=\"async\" src=\"https:\/\/prizrenpost.com\/al\/wp-content\/uploads\/2026\/01\/prizrenpostog-og.jpg\" alt=\"\u201cRespekto Ligjin p\u00ebr gjuh\u00ebt\u201d, student\u00ebt shqiptar\u00eb n\u00eb Shkup k\u00ebrkojn\u00eb provim n\u00eb shqip\"\/><\/figure>\n<p>Student\u00ebt shqiptar\u00eb n\u00eb Maqedonin\u00eb e Veriut kan\u00eb protestuar sot, duke k\u00ebrkuar q\u00eb provimi i jurisprudenc\u00ebs t\u00eb mbahet edhe n\u00eb gjuh\u00ebn shqipe.<\/p>\n<p>Me flamuj shqiptar\u00eb dhe pankarta si \u201cNdal diskriminimit institucional\u201d, protestuesit shpreh\u00ebn pak\u00ebnaq\u00ebsin\u00eb e tyre, duke theksuar se zbatimi i ligjit p\u00ebr gjuh\u00ebt duhet t\u00eb respektohet plot\u00ebsisht nga institucionet.<\/p>\n<p>Gjat\u00eb tubimit u d\u00ebgjuan edhe thirrje si \u201cMos e prekni Ligjin p\u00ebr Gjuh\u00ebt!\u201d, nd\u00ebrsa pjes\u00ebmarr\u00ebsit k\u00ebrkuan p\u00ebrgjegj\u00ebsi dhe dor\u00ebheqje nga autoritetet p\u00ebrkat\u00ebse.<\/p>\n<p>Lidhur me k\u00ebt\u00eb zhvillim ka reaguar edhe kryeministri Hristijan Mickoski, i cili u b\u00ebri thirrje student\u00ebve t\u00eb mos, sipas tij, bien pre e ndikimeve politike nga opozita. Ai shtoi se Qeveria tashm\u00eb ka angazhuar nj\u00eb grup ekspert\u00ebsh kushtetues p\u00ebr t\u00eb gjetur nj\u00eb zgjidhje p\u00ebr k\u00ebt\u00eb \u00e7\u00ebshtje.<\/p>\n<hr style=\"margin:30px 0\"\/>\n<p style=\"font-size:13px;color:#666\">Burimi: <strong>mesazhi<\/strong><\/p>\n","protected":false},"excerpt":{"rendered":"<p>Student\u00ebt shqiptar\u00eb n\u00eb Maqedonin\u00eb e Veriut kan\u00eb protestuar sot, duke k\u00ebrkuar q\u00eb provimi i jurisprudenc\u00ebs t\u00eb mbahet edhe n\u00eb gjuh\u00ebn shqipe. Me flamuj shqiptar\u00eb dhe pankarta si \u201cNdal diskriminimit institucional\u201d, protestuesit shpreh\u00ebn pak\u00ebnaq\u00ebsin\u00eb e tyre, duke theksuar se zbatimi i ligjit p\u00ebr gjuh\u00ebt duhet t\u00eb respektohet plot\u00ebsisht nga institucionet. Gjat\u00eb tubimit u d\u00ebgjuan edhe thirrje [&hellip;]<\/p>\n","protected":false},"author":1,"featured_media":94304,"comment_status":"open","ping_status":"open","sticky":false,"template":"","format":"standard","meta":{"footnotes":""},"categories":[15],"tags":[],"class_list":["post-105313","post","type-post","status-publish","format-standard","has-post-thumbnail","hentry","category-ballkan"],"_links":{"self":[{"href":"https:\/\/prizrenpost.com\/al\/wp-json\/wp\/v2\/posts\/105313","targetHints":{"allow":["GET"]}}],"collection":[{"href":"https:\/\/prizrenpost.com\/al\/wp-json\/wp\/v2\/posts"}],"about":[{"href":"https:\/\/prizrenpost.com\/al\/wp-json\/wp\/v2\/types\/post"}],"author":[{"embeddable":true,"href":"https:\/\/prizrenpost.com\/al\/wp-json\/wp\/v2\/users\/1"}],"replies":[{"embeddable":true,"href":"https:\/\/prizrenpost.com\/al\/wp-json\/wp\/v2\/comments?post=105313"}],"version-history":[{"count":0,"href":"https:\/\/prizrenpost.com\/al\/wp-json\/wp\/v2\/posts\/105313\/revisions"}],"wp:featuredmedia":[{"embeddable":true,"href":"https:\/\/prizrenpost.com\/al\/wp-json\/wp\/v2\/media\/94304"}],"wp:attachment":[{"href":"https:\/\/prizrenpost.com\/al\/wp-json\/wp\/v2\/media?parent=105313"}],"wp:term":[{"taxonomy":"category","embeddable":true,"href":"https:\/\/prizrenpost.com\/al\/wp-json\/wp\/v2\/categories?post=105313"},{"taxonomy":"post_tag","embeddable":true,"href":"https:\/\/prizrenpost.com\/al\/wp-json\/wp\/v2\/tags?post=105313"}],"curies":[{"name":"wp","href":"https:\/\/api.w.org\/{rel}","templated":true}]}}