{"id":105449,"date":"2026-04-07T18:45:37","date_gmt":"2026-04-07T15:45:37","guid":{"rendered":"https:\/\/prizrenpost.com\/al\/presidenti-francez-situata-aktuale-nderkombetare-dobeson-bashkepunimin-ne-shendetesi\/"},"modified":"2026-04-07T18:45:37","modified_gmt":"2026-04-07T15:45:37","slug":"presidenti-francez-situata-aktuale-nderkombetare-dobeson-bashkepunimin-ne-shendetesi","status":"publish","type":"post","link":"https:\/\/prizrenpost.com\/al\/presidenti-francez-situata-aktuale-nderkombetare-dobeson-bashkepunimin-ne-shendetesi\/","title":{"rendered":"Presidenti francez: Situata aktuale nd\u00ebrkomb\u00ebtare dob\u00ebson bashk\u00ebpunimin n\u00eb sh\u00ebndet\u00ebsi"},"content":{"rendered":"<figure class=\"post-featured-image\"><img decoding=\"async\" src=\"https:\/\/prizrenpost.com\/al\/wp-content\/uploads\/2026\/04\/2222.jpg\" alt=\"Presidenti francez: Situata aktuale nd\u00ebrkomb\u00ebtare dob\u00ebson bashk\u00ebpunimin n\u00eb sh\u00ebndet\u00ebsi\"\/><\/figure>\n<p>\u201cFranca do t\u00eb q\u00ebndroj\u00eb p\u00ebrkrah Organizat\u00ebs Bot\u00ebrore t\u00eb Sh\u00ebndet\u00ebsis\u00eb, p\u00ebrkrah t\u00eb gjitha organizatave nd\u00ebrkomb\u00ebtare t\u00eb pranishme, p\u00ebr t\u00eb mbrojtur multilateralizmin efektiv\u201d, tha Macron<\/p>\n<p>Presidenti francez Emmanuel Macron paralajm\u00ebroi se situata aktuale nd\u00ebrkomb\u00ebtare q\u00eb buron nga luft\u00ebrat, ndarjet dhe dyshimet ndaj organizatave kolektive po e dob\u00ebson bashk\u00ebpunimin n\u00eb fush\u00ebn e sh\u00ebndet\u00ebsis\u00eb, raporton Anadolu.<\/p>\n<p>Duke theksuar se nj\u00eb bot\u00eb e shoq\u00ebruar nga luft\u00ebrat prish \u00e7\u00ebshtjet e furnizimit, siguris\u00eb dhe autonomis\u00eb strategjike, Macron paralajm\u00ebroi se sfidat e sh\u00ebndetit global m\u00eb shum\u00eb se kurr\u00eb k\u00ebrkojn\u00eb koordinim dhe bashk\u00ebpunim.<\/p>\n<p>\u201cNe po p\u00ebrballemi me nj\u00eb situat\u00eb nd\u00ebrkomb\u00ebtare q\u00eb po e cop\u00ebzon pik\u00ebrisht k\u00ebt\u00eb bashk\u00ebpunim: luft\u00ebra, ndarje, r\u00ebnie t\u00eb kontributeve dhe dyshime t\u00eb shprehura nga disa ndaj organizimit ton\u00eb kolektiv\u201d, tha Macron n\u00eb samitin \u201cOne Health\u201d t\u00eb mbajtur n\u00eb Lion.<\/p>\n<p>Ai theksoi se samite t\u00eb tilla mbahen p\u00ebr t\u2019iu p\u00ebrgjigjur \u201cfragmentimit t\u00eb rendit nd\u00ebrkomb\u00ebtar\u201d, duke nd\u00ebrtuar koalicione t\u00eb aktor\u00ebve t\u00eb ndrysh\u00ebm dhe duke treguar se \u201cmultilateralizmi efektiv \u00ebsht\u00eb ende i mundur\u201d.<\/p>\n<p>\u201cNe kemi riafirmuar \u2013 dhe e riafirmojm\u00eb p\u00ebr k\u00ebt\u00eb samit \u2018One Health\u2019 \u2013 para s\u00eb gjithash se \u00e7do p\u00ebrparim varet nga shkenca e lir\u00eb, e hapur dhe e pavarur. Kjo \u00ebsht\u00eb nj\u00eb domosdoshm\u00ebri absolute\u201d, theksoi Macron.<\/p>\n<p>Ai paralajm\u00ebroi se sh\u00ebndeti global nuk do t\u00eb p\u00ebrparoj\u00eb n\u00ebse shkenca b\u00ebhet \u201cinstrument i politik\u00ebs\u201d, ose nj\u00eb mjet ku qeverit\u00eb diktojn\u00eb se \u00e7far\u00eb mund dhe \u00e7far\u00eb nuk mund t\u00eb studiohet.<\/p>\n<p>\u201cM\u00eb lejoni t\u00eb riafirmoj se Franca do t\u00eb q\u00ebndroj\u00eb p\u00ebrkrah Organizat\u00ebs Bot\u00ebrore t\u00eb Sh\u00ebndet\u00ebsis\u00eb, p\u00ebrkrah t\u00eb gjitha organizatave nd\u00ebrkomb\u00ebtare t\u00eb pranishme, p\u00ebr t\u00eb mbrojtur multilateralizmin efektiv \u2013 nj\u00eb vizion i rr\u00ebnjosur i bazuar n\u00eb shkenc\u00eb dhe n\u00eb vendimet kolektive q\u00eb duhet t\u00eb marrim\u201d, shtoi ai.<\/p>\n<p>Ai p\u00ebrs\u00ebriti se bota nuk ka t\u00eb drejt\u00eb t\u00eb harroj\u00eb at\u00eb q\u00eb ka ndodhur n\u00eb t\u00eb kaluar\u00ebn. \u201cNe kemi detyrimin t\u00eb p\u00ebrgatitemi p\u00ebr sfidat e sotme dhe t\u00eb nes\u00ebrme. Na takon neve t\u00eb veprojm\u00eb\u201d, theksoi presidenti francez.<\/p>\n<hr style=\"margin:30px 0\"\/>\n<p style=\"font-size:13px;color:#666\">Burimi: <strong>mesazhi<\/strong><\/p>\n","protected":false},"excerpt":{"rendered":"<p>\u201cFranca do t\u00eb q\u00ebndroj\u00eb p\u00ebrkrah Organizat\u00ebs Bot\u00ebrore t\u00eb Sh\u00ebndet\u00ebsis\u00eb, p\u00ebrkrah t\u00eb gjitha organizatave nd\u00ebrkomb\u00ebtare t\u00eb pranishme, p\u00ebr t\u00eb mbrojtur multilateralizmin efektiv\u201d, tha Macron Presidenti francez Emmanuel Macron paralajm\u00ebroi se situata aktuale nd\u00ebrkomb\u00ebtare q\u00eb buron nga luft\u00ebrat, ndarjet dhe dyshimet ndaj organizatave kolektive po e dob\u00ebson bashk\u00ebpunimin n\u00eb fush\u00ebn e sh\u00ebndet\u00ebsis\u00eb, raporton Anadolu. Duke theksuar se [&hellip;]<\/p>\n","protected":false},"author":1,"featured_media":105448,"comment_status":"open","ping_status":"open","sticky":false,"template":"","format":"standard","meta":{"footnotes":""},"categories":[5],"tags":[],"class_list":["post-105449","post","type-post","status-publish","format-standard","has-post-thumbnail","hentry","category-shendetesi"],"_links":{"self":[{"href":"https:\/\/prizrenpost.com\/al\/wp-json\/wp\/v2\/posts\/105449","targetHints":{"allow":["GET"]}}],"collection":[{"href":"https:\/\/prizrenpost.com\/al\/wp-json\/wp\/v2\/posts"}],"about":[{"href":"https:\/\/prizrenpost.com\/al\/wp-json\/wp\/v2\/types\/post"}],"author":[{"embeddable":true,"href":"https:\/\/prizrenpost.com\/al\/wp-json\/wp\/v2\/users\/1"}],"replies":[{"embeddable":true,"href":"https:\/\/prizrenpost.com\/al\/wp-json\/wp\/v2\/comments?post=105449"}],"version-history":[{"count":0,"href":"https:\/\/prizrenpost.com\/al\/wp-json\/wp\/v2\/posts\/105449\/revisions"}],"wp:featuredmedia":[{"embeddable":true,"href":"https:\/\/prizrenpost.com\/al\/wp-json\/wp\/v2\/media\/105448"}],"wp:attachment":[{"href":"https:\/\/prizrenpost.com\/al\/wp-json\/wp\/v2\/media?parent=105449"}],"wp:term":[{"taxonomy":"category","embeddable":true,"href":"https:\/\/prizrenpost.com\/al\/wp-json\/wp\/v2\/categories?post=105449"},{"taxonomy":"post_tag","embeddable":true,"href":"https:\/\/prizrenpost.com\/al\/wp-json\/wp\/v2\/tags?post=105449"}],"curies":[{"name":"wp","href":"https:\/\/api.w.org\/{rel}","templated":true}]}}