{"id":105545,"date":"2026-04-08T17:15:09","date_gmt":"2026-04-08T14:15:09","guid":{"rendered":"https:\/\/prizrenpost.com\/al\/te-premten-seanca-e-kuvendit\/"},"modified":"2026-04-08T17:15:09","modified_gmt":"2026-04-08T14:15:09","slug":"te-premten-seanca-e-kuvendit","status":"publish","type":"post","link":"https:\/\/prizrenpost.com\/al\/te-premten-seanca-e-kuvendit\/","title":{"rendered":"T\u00eb premten seanca e Kuvendit"},"content":{"rendered":"<figure class=\"post-featured-image\"><img decoding=\"async\" src=\"https:\/\/prizrenpost.com\/al\/wp-content\/uploads\/2026\/04\/kuvend.jpg\" alt=\"T\u00eb premten seanca e Kuvendit\"\/><\/figure>\n<p>Kryesia e Kuvendit ka caktuar seanc\u00eb plenare p\u00ebr dit\u00ebn e premte, anipse rendi i dit\u00ebs nuk \u00ebsht\u00eb miratuar.  Kjo pasi nuk \u00ebsht\u00eb arritur pajtueshm\u00ebri lidhur me k\u00ebrkes\u00ebn e PDK-s\u00eb q\u00eb rezoluta p\u00ebr njohjen e viktimave t\u00eb luft\u00ebs t\u00eb jet\u00eb pik\u00eb e par\u00eb e rendit t\u00eb dit\u00ebs.<\/p>\n<p>L\u00ebvizja Vet\u00ebvndosje ka k\u00ebrkuar q\u00eb rezoluta t\u00eb miratohet pas formimit t\u00eb nj\u00eb grupi punues q\u00eb do ta harmonizonte tekstin e rezolut\u00ebs. Grupet tjera parlamentare kan\u00eb shprehur gatishm\u00ebrin\u00eb q\u00eb kjo t\u00eb trajtohet si pik\u00eb e par\u00eb n\u00eb seanc\u00ebn e s\u00eb premt\u00ebs.<\/p>\n<p>Rendi i dit\u00ebs q\u00eb nuk u votua, planifikonte votimin e marr\u00ebveshjeve nd\u00ebrkomb\u00ebtare q\u00eb nuk u votuan n\u00eb seanc\u00ebn e kaluar, pasi deputet\u00ebt k\u00ebrkuan m\u00eb shum\u00eb koh\u00eb p\u00ebr t\u2019i analizuar ato.<\/p>\n<p>Rendi i dit\u00ebs i propozuar sot n\u00eb mbledhjen e Kryesis\u00eb p\u00ebrfshinte disa projektligje p\u00ebr ratifikimin e marr\u00ebveshjeve nd\u00ebrkomb\u00ebtare t\u00eb kredis\u00eb, p\u00ebrfshir\u00eb ato me Asociacionin Nd\u00ebrkomb\u00ebtar p\u00ebr Zhvillim, Agjencin\u00eb Franceze p\u00ebr Zhvillim dhe KfW, q\u00eb lidhen me zhvillimin e sektorit financiar, energjin\u00eb, klim\u00ebn si dhe leht\u00ebsimin e tregtis\u00eb dhe transportit n\u00eb Ballkanin Per\u00ebndimor.<\/p>\n<p>Po ashtu, n\u00eb rend dite \u00ebsht\u00eb parapar\u00eb votimi i nj\u00eb propozim-rezolute lidhur me rritjen e \u00e7mimeve t\u00eb naft\u00ebs, munges\u00ebn e nd\u00ebrhyrjes s\u00eb Qeveris\u00eb dhe ndikimin e saj n\u00eb koston e jetes\u00ebs dhe stabilitetin ekonomik n\u00eb vend. Po ashtu edhe pika p\u00ebr  zgjedhjen e nj\u00eb an\u00ebtari joprokuror n\u00eb K\u00ebshillin Prokurorial t\u00eb Kosov\u00ebs, si dhe nj\u00eb propozim-rezolut\u00eb p\u00ebr mbrojtjen e s\u00eb v\u00ebrtet\u00ebs historike t\u00eb luft\u00ebs n\u00eb Kosov\u00eb 1998\u20131999.<\/p>\n<hr style=\"margin:30px 0\"\/>\n<p style=\"font-size:13px;color:#666\">Burimi: <strong>mesazhi<\/strong><\/p>\n","protected":false},"excerpt":{"rendered":"<p>Kryesia e Kuvendit ka caktuar seanc\u00eb plenare p\u00ebr dit\u00ebn e premte, anipse rendi i dit\u00ebs nuk \u00ebsht\u00eb miratuar. Kjo pasi nuk \u00ebsht\u00eb arritur pajtueshm\u00ebri lidhur me k\u00ebrkes\u00ebn e PDK-s\u00eb q\u00eb rezoluta p\u00ebr njohjen e viktimave t\u00eb luft\u00ebs t\u00eb jet\u00eb pik\u00eb e par\u00eb e rendit t\u00eb dit\u00ebs. L\u00ebvizja Vet\u00ebvndosje ka k\u00ebrkuar q\u00eb rezoluta t\u00eb miratohet pas [&hellip;]<\/p>\n","protected":false},"author":1,"featured_media":105544,"comment_status":"open","ping_status":"open","sticky":false,"template":"","format":"standard","meta":{"footnotes":""},"categories":[14],"tags":[3803],"class_list":["post-105545","post","type-post","status-publish","format-standard","has-post-thumbnail","hentry","category-kombetare","tag-aktuale"],"_links":{"self":[{"href":"https:\/\/prizrenpost.com\/al\/wp-json\/wp\/v2\/posts\/105545","targetHints":{"allow":["GET"]}}],"collection":[{"href":"https:\/\/prizrenpost.com\/al\/wp-json\/wp\/v2\/posts"}],"about":[{"href":"https:\/\/prizrenpost.com\/al\/wp-json\/wp\/v2\/types\/post"}],"author":[{"embeddable":true,"href":"https:\/\/prizrenpost.com\/al\/wp-json\/wp\/v2\/users\/1"}],"replies":[{"embeddable":true,"href":"https:\/\/prizrenpost.com\/al\/wp-json\/wp\/v2\/comments?post=105545"}],"version-history":[{"count":0,"href":"https:\/\/prizrenpost.com\/al\/wp-json\/wp\/v2\/posts\/105545\/revisions"}],"wp:featuredmedia":[{"embeddable":true,"href":"https:\/\/prizrenpost.com\/al\/wp-json\/wp\/v2\/media\/105544"}],"wp:attachment":[{"href":"https:\/\/prizrenpost.com\/al\/wp-json\/wp\/v2\/media?parent=105545"}],"wp:term":[{"taxonomy":"category","embeddable":true,"href":"https:\/\/prizrenpost.com\/al\/wp-json\/wp\/v2\/categories?post=105545"},{"taxonomy":"post_tag","embeddable":true,"href":"https:\/\/prizrenpost.com\/al\/wp-json\/wp\/v2\/tags?post=105545"}],"curies":[{"name":"wp","href":"https:\/\/api.w.org\/{rel}","templated":true}]}}