{"id":105549,"date":"2026-04-08T19:50:17","date_gmt":"2026-04-08T16:50:17","guid":{"rendered":"https:\/\/prizrenpost.com\/al\/prizren-arrestohet-i-dyshuari-per-5-raste-te-vjedhjes\/"},"modified":"2026-04-08T19:50:17","modified_gmt":"2026-04-08T16:50:17","slug":"prizren-arrestohet-i-dyshuari-per-5-raste-te-vjedhjes","status":"publish","type":"post","link":"https:\/\/prizrenpost.com\/al\/prizren-arrestohet-i-dyshuari-per-5-raste-te-vjedhjes\/","title":{"rendered":"Prizren: Arrestohet i dyshuari p\u00ebr 5 raste t\u00eb vjedhjes"},"content":{"rendered":"<figure class=\"post-featured-image\"><img decoding=\"async\" src=\"https:\/\/prizrenpost.com\/al\/wp-content\/uploads\/2026\/04\/policia-e-kosoves-3-4.jpg\" alt=\"Prizren: Arrestohet i dyshuari p\u00ebr 5 raste t\u00eb vjedhjes\"\/><\/figure>\n<p>Nj\u00eb person n\u00eb Prizren \u00ebsht\u00eb arrestuar p\u00ebr pes\u00eb raste t\u00eb vjedhjes.<\/p>\n<p>Policia ka njoftuar se pas nj\u00eb pune operative-hetimore n\u00eb terren dhe grumbullimit t\u00eb d\u00ebshmive, sot hetuesit policor\u00eb nga Sektori i Hetimeve t\u00eb Stacionit Policor n\u00eb Prizren kan\u00eb arritur t\u00eb identifikojn\u00eb t\u00eb dyshuarin M.G., i cili dyshohet se \u00ebsht\u00eb i p\u00ebrfshir\u00eb n\u00eb disa vepra penale, si: \u201cVjedhja\u201d dhe \u201cVjedhja e r\u00ebnd\u00eb\u201d.<\/p>\n<p>Derisa, gjat\u00eb ndalimit t\u00eb tij nga hetuesit policor\u00eb, n\u00eb trupin e t\u00eb dyshuarit, \u00ebsht\u00eb gjetur nj\u00eb substanc\u00eb e dyshuar narkotike e llojit \u201cKokain\u00eb\u201d.<\/p>\n<p>Lidhur me rastin, n\u00eb koordinim me prokurorin kujdestar, \u00ebsht\u00eb kryer bastisje n\u00eb banes\u00ebn e t\u00eb dyshuarit, ku jan\u00eb gjetur dhe sekuestruar d\u00ebshmi materiale q\u00eb nd\u00ebrlidhen me rastet n\u00eb fjal\u00eb.<\/p>\n<p>I dyshuari, gjat\u00eb intervistimit n\u00eb prezenc\u00eb t\u00eb avokatit mbrojt\u00ebs, ka pranuar se ka kryer disa vjedhje n\u00eb markete dhe vetura. Ndaj tij, me vendim t\u00eb prokurorit kujdestar, \u00ebsht\u00eb caktuar masa e ndalimit p\u00ebr 48 or\u00eb.<\/p>\n<p>Policia po punon me p\u00ebrkushtim n\u00eb identifikimin dhe arrestimin e personave t\u00eb tjer\u00eb t\u00eb p\u00ebrfshir\u00eb n\u00eb veprat penale t\u00eb vjedhjes. \/Klankosova.tv<\/p>\n<hr style=\"margin:30px 0\"\/>\n<p style=\"font-size:13px;color:#666\">Burimi: <strong>klankosova<\/strong><\/p>\n","protected":false},"excerpt":{"rendered":"<p>Nj\u00eb person n\u00eb Prizren \u00ebsht\u00eb arrestuar p\u00ebr pes\u00eb raste t\u00eb vjedhjes. Policia ka njoftuar se pas nj\u00eb pune operative-hetimore n\u00eb terren dhe grumbullimit t\u00eb d\u00ebshmive, sot hetuesit policor\u00eb nga Sektori i Hetimeve t\u00eb Stacionit Policor n\u00eb Prizren kan\u00eb arritur t\u00eb identifikojn\u00eb t\u00eb dyshuarin M.G., i cili dyshohet se \u00ebsht\u00eb i p\u00ebrfshir\u00eb n\u00eb disa vepra penale, [&hellip;]<\/p>\n","protected":false},"author":1,"featured_media":105548,"comment_status":"open","ping_status":"open","sticky":false,"template":"","format":"standard","meta":{"footnotes":""},"categories":[17],"tags":[],"class_list":["post-105549","post","type-post","status-publish","format-standard","has-post-thumbnail","hentry","category-kronike"],"_links":{"self":[{"href":"https:\/\/prizrenpost.com\/al\/wp-json\/wp\/v2\/posts\/105549","targetHints":{"allow":["GET"]}}],"collection":[{"href":"https:\/\/prizrenpost.com\/al\/wp-json\/wp\/v2\/posts"}],"about":[{"href":"https:\/\/prizrenpost.com\/al\/wp-json\/wp\/v2\/types\/post"}],"author":[{"embeddable":true,"href":"https:\/\/prizrenpost.com\/al\/wp-json\/wp\/v2\/users\/1"}],"replies":[{"embeddable":true,"href":"https:\/\/prizrenpost.com\/al\/wp-json\/wp\/v2\/comments?post=105549"}],"version-history":[{"count":0,"href":"https:\/\/prizrenpost.com\/al\/wp-json\/wp\/v2\/posts\/105549\/revisions"}],"wp:featuredmedia":[{"embeddable":true,"href":"https:\/\/prizrenpost.com\/al\/wp-json\/wp\/v2\/media\/105548"}],"wp:attachment":[{"href":"https:\/\/prizrenpost.com\/al\/wp-json\/wp\/v2\/media?parent=105549"}],"wp:term":[{"taxonomy":"category","embeddable":true,"href":"https:\/\/prizrenpost.com\/al\/wp-json\/wp\/v2\/categories?post=105549"},{"taxonomy":"post_tag","embeddable":true,"href":"https:\/\/prizrenpost.com\/al\/wp-json\/wp\/v2\/tags?post=105549"}],"curies":[{"name":"wp","href":"https:\/\/api.w.org\/{rel}","templated":true}]}}