{"id":105552,"date":"2026-04-08T20:35:10","date_gmt":"2026-04-08T17:35:10","guid":{"rendered":"https:\/\/prizrenpost.com\/al\/vdes-nje-punetor-e-nje-tjeter-lendohet-ne-vendin-e-punes-ne-strellc-te-decanit\/"},"modified":"2026-04-08T20:35:10","modified_gmt":"2026-04-08T17:35:10","slug":"vdes-nje-punetor-e-nje-tjeter-lendohet-ne-vendin-e-punes-ne-strellc-te-decanit","status":"publish","type":"post","link":"https:\/\/prizrenpost.com\/al\/vdes-nje-punetor-e-nje-tjeter-lendohet-ne-vendin-e-punes-ne-strellc-te-decanit\/","title":{"rendered":"Vdes nj\u00eb pun\u00ebtor e nj\u00eb tjet\u00ebr l\u00ebndohet n\u00eb vendin e pun\u00ebs n\u00eb Strellc t\u00eb De\u00e7anit"},"content":{"rendered":"<figure class=\"post-featured-image\"><img decoding=\"async\" src=\"https:\/\/prizrenpost.com\/al\/wp-content\/uploads\/2026\/04\/vrasje-shba.jpg\" alt=\"Vdes nj\u00eb pun\u00ebtor e nj\u00eb tjet\u00ebr l\u00ebndohet n\u00eb vendin e pun\u00ebs n\u00eb Strellc t\u00eb De\u00e7anit\"\/><\/figure>\n<p>Nj\u00eb person e ka vdekur dhe nj\u00eb tjet\u00ebr \u00ebsht\u00eb l\u00ebnduar  n\u00eb vendin e pun\u00ebs n\u00eb Strellc t\u00eb De\u00e7anit<\/p>\n<p>Rastin p\u00ebr teve1.info e ka konfirmuar z\u00ebdh\u00ebn\u00ebsi i policis\u00eb p\u00ebr rajonin e Pej\u00ebs, Fadil Gashi.<\/p>\n<p>Ai ka th\u00ebn\u00eb se t\u00eb l\u00ebnduarit jan\u00eb d\u00ebrguar n\u00eb Emergjenc\u00ebn e Spitalit Rajonal n\u00eb Pej\u00ebs, ku mjeku kujdestar ka konstatuar vdekjen e nj\u00ebrit nga t\u00eb l\u00ebnduarit.<\/p>\n<p>\u201cSot rreth or\u00ebs 14:05, Policia \u00ebsht\u00eb njoftuar se n\u00eb nj\u00eb pun\u00ebtori (sharr\u00eb) n\u00eb fshatin Strellc i Ul\u00ebt, dy pun\u00ebtor\u00eb kan\u00eb p\u00ebsuar l\u00ebndime nga r\u00ebnia e disa d\u00ebrrasave. T\u00eb l\u00ebnduarit jan\u00eb d\u00ebrguar p\u00ebr trajtim n\u00eb Emergjenc\u00ebn e Spitalit Rajonal n\u00eb Pej\u00eb. Pas pak kohe, mjeku kujdestar ka konstatuar vdekjen e nj\u00ebrit prej t\u00eb l\u00ebnduarve. N\u00eb vendin e ngjarjes kan\u00eb dal\u00eb nj\u00ebsitet kompetente\u201d, tha Gashi.<\/p>\n<hr style=\"margin:30px 0\"\/>\n<p style=\"font-size:13px;color:#666\">Burimi: <strong>mesazhi<\/strong><\/p>\n","protected":false},"excerpt":{"rendered":"<p>Nj\u00eb person e ka vdekur dhe nj\u00eb tjet\u00ebr \u00ebsht\u00eb l\u00ebnduar n\u00eb vendin e pun\u00ebs n\u00eb Strellc t\u00eb De\u00e7anit Rastin p\u00ebr teve1.info e ka konfirmuar z\u00ebdh\u00ebn\u00ebsi i policis\u00eb p\u00ebr rajonin e Pej\u00ebs, Fadil Gashi. Ai ka th\u00ebn\u00eb se t\u00eb l\u00ebnduarit jan\u00eb d\u00ebrguar n\u00eb Emergjenc\u00ebn e Spitalit Rajonal n\u00eb Pej\u00ebs, ku mjeku kujdestar ka konstatuar vdekjen e [&hellip;]<\/p>\n","protected":false},"author":1,"featured_media":105551,"comment_status":"open","ping_status":"open","sticky":false,"template":"","format":"standard","meta":{"footnotes":""},"categories":[14],"tags":[3803],"class_list":["post-105552","post","type-post","status-publish","format-standard","has-post-thumbnail","hentry","category-kombetare","tag-aktuale"],"_links":{"self":[{"href":"https:\/\/prizrenpost.com\/al\/wp-json\/wp\/v2\/posts\/105552","targetHints":{"allow":["GET"]}}],"collection":[{"href":"https:\/\/prizrenpost.com\/al\/wp-json\/wp\/v2\/posts"}],"about":[{"href":"https:\/\/prizrenpost.com\/al\/wp-json\/wp\/v2\/types\/post"}],"author":[{"embeddable":true,"href":"https:\/\/prizrenpost.com\/al\/wp-json\/wp\/v2\/users\/1"}],"replies":[{"embeddable":true,"href":"https:\/\/prizrenpost.com\/al\/wp-json\/wp\/v2\/comments?post=105552"}],"version-history":[{"count":0,"href":"https:\/\/prizrenpost.com\/al\/wp-json\/wp\/v2\/posts\/105552\/revisions"}],"wp:featuredmedia":[{"embeddable":true,"href":"https:\/\/prizrenpost.com\/al\/wp-json\/wp\/v2\/media\/105551"}],"wp:attachment":[{"href":"https:\/\/prizrenpost.com\/al\/wp-json\/wp\/v2\/media?parent=105552"}],"wp:term":[{"taxonomy":"category","embeddable":true,"href":"https:\/\/prizrenpost.com\/al\/wp-json\/wp\/v2\/categories?post=105552"},{"taxonomy":"post_tag","embeddable":true,"href":"https:\/\/prizrenpost.com\/al\/wp-json\/wp\/v2\/tags?post=105552"}],"curies":[{"name":"wp","href":"https:\/\/api.w.org\/{rel}","templated":true}]}}