{"id":105558,"date":"2026-04-09T07:25:13","date_gmt":"2026-04-09T04:25:13","guid":{"rendered":"https:\/\/prizrenpost.com\/al\/makineri-vrasese-libani-mban-zi-ndersa-sulmet-izraelite-tronditin-armepushimin-shba-iran\/"},"modified":"2026-04-09T07:25:13","modified_gmt":"2026-04-09T04:25:13","slug":"makineri-vrasese-libani-mban-zi-ndersa-sulmet-izraelite-tronditin-armepushimin-shba-iran","status":"publish","type":"post","link":"https:\/\/prizrenpost.com\/al\/makineri-vrasese-libani-mban-zi-ndersa-sulmet-izraelite-tronditin-armepushimin-shba-iran\/","title":{"rendered":"\u201cMakineri vras\u00ebse\u201d: Libani mban zi nd\u00ebrsa sulmet izraelite tronditin arm\u00ebpushimin SHBA-Iran"},"content":{"rendered":"<figure class=\"post-featured-image\"><img decoding=\"async\" src=\"https:\/\/prizrenpost.com\/al\/wp-content\/uploads\/2026\/04\/640-0-295b145cfca0a4b72e8664a9c4863ebf.jpg\" alt=\"\u201cMakineri vras\u00ebse\u201d: Libani mban zi nd\u00ebrsa sulmet izraelite tronditin arm\u00ebpushimin SHBA-Iran\"\/><\/figure>\n<p>Libani ka shpallur dit\u00eb zie komb\u00ebtare pas nj\u00eb vale sulmesh izraelite q\u00eb lan\u00eb t\u00eb pakt\u00ebn 254 t\u00eb vrar\u00eb dhe mbi 1,165 t\u00eb plagosur brenda nj\u00eb dite, t\u00eb m\u00ebrkur\u00ebn. Autoritetet sh\u00ebndet\u00ebsore paralajm\u00ebrojn\u00eb se sistemi spitalor \u00ebsht\u00eb n\u00ebn presion t\u00eb madh p\u00ebr shkak t\u00eb numrit t\u00eb lart\u00eb t\u00eb viktimave.<\/p>\n<p>Kryeministri i Libanit, Nawaf Salam, deklaroi se vendi po mobilizon t\u00eb gjitha burimet politike dhe diplomatike p\u00ebr t\u00eb ndalur at\u00eb q\u00eb e quajti \u201cmakineri vras\u00ebse\u201d.<\/p>\n<p>Nga ana tjet\u00ebr, kryeministri izraelit Benjamin Netanyahu tha se Libani nuk p\u00ebrfshihet n\u00eb arm\u00ebpushimin mes Shteteve t\u00eb Bashkuara dhe Iranit. Edhe z\u00ebvend\u00ebspresidenti amerikan JD Vance theksoi se nj\u00eb premtim i till\u00eb nuk \u00ebsht\u00eb b\u00ebr\u00eb.<\/p>\n<p>Ministri i Jasht\u00ebm i Iranit, Abbas Araghchi, deklaroi se kushtet e marr\u00ebveshjes SHBA-Iran jan\u00eb t\u00eb qarta dhe se Uashingtoni duhet t\u00eb zgjedh\u00eb midis arm\u00ebpushimit ose vazhdimit t\u00eb luft\u00ebs p\u00ebrmes Izraelit.<\/p>\n<p>Nd\u00ebrkoh\u00eb, ministri i Sh\u00ebndet\u00ebsis\u00eb n\u00eb Liban, Rakan Nassereddine, u b\u00ebri thirrje vendeve nd\u00ebrkomb\u00ebtare p\u00ebr ndihm\u00eb urgjente p\u00ebr p\u00ebrballimin e situat\u00ebs.<\/p>\n<p>Gjithashtu, Al Jazeera Media Network d\u00ebnoi vrasjen e gazetarit t\u00eb saj n\u00eb Gaza, Mohammed Wishah, duke e cil\u00ebsuar si nj\u00eb \u201ckrim t\u00eb r\u00ebnd\u00eb\u201d.<\/p>\n<p>Situata n\u00eb rajon mbetet e tensionuar, nd\u00ebrsa p\u00ebrpjekjet diplomatike p\u00ebr arm\u00ebpushim vazhdojn\u00eb. \/mesazhi<\/p>\n<hr style=\"margin:30px 0\"\/>\n<p style=\"font-size:13px;color:#666\">Burimi: <strong>mesazhi<\/strong><\/p>\n","protected":false},"excerpt":{"rendered":"<p>Libani ka shpallur dit\u00eb zie komb\u00ebtare pas nj\u00eb vale sulmesh izraelite q\u00eb lan\u00eb t\u00eb pakt\u00ebn 254 t\u00eb vrar\u00eb dhe mbi 1,165 t\u00eb plagosur brenda nj\u00eb dite, t\u00eb m\u00ebrkur\u00ebn. Autoritetet sh\u00ebndet\u00ebsore paralajm\u00ebrojn\u00eb se sistemi spitalor \u00ebsht\u00eb n\u00ebn presion t\u00eb madh p\u00ebr shkak t\u00eb numrit t\u00eb lart\u00eb t\u00eb viktimave. Kryeministri i Libanit, Nawaf Salam, deklaroi se vendi [&hellip;]<\/p>\n","protected":false},"author":1,"featured_media":105557,"comment_status":"open","ping_status":"open","sticky":false,"template":"","format":"standard","meta":{"footnotes":""},"categories":[24],"tags":[3803],"class_list":["post-105558","post","type-post","status-publish","format-standard","has-post-thumbnail","hentry","category-bote","tag-aktuale"],"_links":{"self":[{"href":"https:\/\/prizrenpost.com\/al\/wp-json\/wp\/v2\/posts\/105558","targetHints":{"allow":["GET"]}}],"collection":[{"href":"https:\/\/prizrenpost.com\/al\/wp-json\/wp\/v2\/posts"}],"about":[{"href":"https:\/\/prizrenpost.com\/al\/wp-json\/wp\/v2\/types\/post"}],"author":[{"embeddable":true,"href":"https:\/\/prizrenpost.com\/al\/wp-json\/wp\/v2\/users\/1"}],"replies":[{"embeddable":true,"href":"https:\/\/prizrenpost.com\/al\/wp-json\/wp\/v2\/comments?post=105558"}],"version-history":[{"count":0,"href":"https:\/\/prizrenpost.com\/al\/wp-json\/wp\/v2\/posts\/105558\/revisions"}],"wp:featuredmedia":[{"embeddable":true,"href":"https:\/\/prizrenpost.com\/al\/wp-json\/wp\/v2\/media\/105557"}],"wp:attachment":[{"href":"https:\/\/prizrenpost.com\/al\/wp-json\/wp\/v2\/media?parent=105558"}],"wp:term":[{"taxonomy":"category","embeddable":true,"href":"https:\/\/prizrenpost.com\/al\/wp-json\/wp\/v2\/categories?post=105558"},{"taxonomy":"post_tag","embeddable":true,"href":"https:\/\/prizrenpost.com\/al\/wp-json\/wp\/v2\/tags?post=105558"}],"curies":[{"name":"wp","href":"https:\/\/api.w.org\/{rel}","templated":true}]}}