{"id":105560,"date":"2026-04-09T08:00:09","date_gmt":"2026-04-09T05:00:09","guid":{"rendered":"https:\/\/prizrenpost.com\/al\/gazetari-i-al-jazeeras-mohammed-wishah-eshte-vrare-ne-nje-sulm-me-dron-izraelit-ne-rripin-e-gazes\/"},"modified":"2026-04-09T08:00:09","modified_gmt":"2026-04-09T05:00:09","slug":"gazetari-i-al-jazeeras-mohammed-wishah-eshte-vrare-ne-nje-sulm-me-dron-izraelit-ne-rripin-e-gazes","status":"publish","type":"post","link":"https:\/\/prizrenpost.com\/al\/gazetari-i-al-jazeeras-mohammed-wishah-eshte-vrare-ne-nje-sulm-me-dron-izraelit-ne-rripin-e-gazes\/","title":{"rendered":"Gazetari i Al Jazeeras, Mohammed Wishah, \u00ebsht\u00eb vrar\u00eb n\u00eb nj\u00eb sulm me dron izraelit n\u00eb Rripin e Gaz\u00ebs."},"content":{"rendered":"<figure class=\"post-featured-image\"><img decoding=\"async\" src=\"https:\/\/prizrenpost.com\/al\/wp-content\/uploads\/2026\/04\/Mohammed-Wishah.jpg\" alt=\"Gazetari i Al Jazeeras, Mohammed Wishah, \u00ebsht\u00eb vrar\u00eb n\u00eb nj\u00eb sulm me dron izraelit n\u00eb Rripin e Gaz\u00ebs.\"\/><\/figure>\n<p>Sipas raportimeve, Wishah, korrespondent p\u00ebr Al Jazeera Mubasher, humbi jet\u00ebn t\u00eb m\u00ebrkur\u00ebn pasi nj\u00eb sulm ajror goditi makin\u00ebn me t\u00eb cil\u00ebn po udh\u00ebtonte n\u00eb rrug\u00ebn al-Rashid, n\u00eb per\u00ebndim t\u00eb qytetit t\u00eb Gaz\u00ebs. Si pasoj\u00eb e goditjes, automjeti u p\u00ebrfshi nga flak\u00ebt.<\/p>\n<p>Al Jazeera Media Network d\u00ebnoi ashp\u00ebr vrasjen e gazetarit t\u00eb saj, duke e cil\u00ebsuar si nj\u00eb \u201ckrim t\u00eb r\u00ebnd\u00eb\u201d dhe shkelje t\u00eb hapur t\u00eb ligjeve nd\u00ebrkomb\u00ebtare.<\/p>\n<p>N\u00eb nj\u00eb deklarat\u00eb, rrjeti mediatik tha se vrasja e Wishah nuk ishte e rast\u00ebsishme, por nj\u00eb veprim i q\u00ebllimsh\u00ebm q\u00eb synon frik\u00ebsimin e gazetar\u00ebve dhe pengimin e tyre p\u00ebr t\u00eb kryer detyr\u00ebn profesionale.<\/p>\n<p>Sipas Zyr\u00ebs s\u00eb Medias s\u00eb Qeveris\u00eb n\u00eb Gaza, q\u00eb nga tetori i vitit 2023, t\u00eb pakt\u00ebn 262 gazetar\u00eb jan\u00eb vrar\u00eb n\u00eb sulmet izraelite n\u00eb territor.<\/p>\n<p>Mediat nd\u00ebrkomb\u00ebtare nuk reagojn\u00eb rreth vrasjeve t\u00eb shumta t\u00eb gazetar\u00ebve n\u00eb Gaza, p\u00ebrfshi edhe ato shqipfol\u00ebse.<\/p>\n<p>Situata n\u00eb Gaza mbetet e tensionuar, nd\u00ebrsa sulmet dhe viktimat civile vazhdojn\u00eb. \/mesazhi<\/p>\n<hr style=\"margin:30px 0\"\/>\n<p style=\"font-size:13px;color:#666\">Burimi: <strong>mesazhi<\/strong><\/p>\n","protected":false},"excerpt":{"rendered":"<p>Sipas raportimeve, Wishah, korrespondent p\u00ebr Al Jazeera Mubasher, humbi jet\u00ebn t\u00eb m\u00ebrkur\u00ebn pasi nj\u00eb sulm ajror goditi makin\u00ebn me t\u00eb cil\u00ebn po udh\u00ebtonte n\u00eb rrug\u00ebn al-Rashid, n\u00eb per\u00ebndim t\u00eb qytetit t\u00eb Gaz\u00ebs. Si pasoj\u00eb e goditjes, automjeti u p\u00ebrfshi nga flak\u00ebt. Al Jazeera Media Network d\u00ebnoi ashp\u00ebr vrasjen e gazetarit t\u00eb saj, duke e cil\u00ebsuar [&hellip;]<\/p>\n","protected":false},"author":1,"featured_media":105559,"comment_status":"open","ping_status":"open","sticky":false,"template":"","format":"standard","meta":{"footnotes":""},"categories":[24],"tags":[3803],"class_list":["post-105560","post","type-post","status-publish","format-standard","has-post-thumbnail","hentry","category-bote","tag-aktuale"],"_links":{"self":[{"href":"https:\/\/prizrenpost.com\/al\/wp-json\/wp\/v2\/posts\/105560","targetHints":{"allow":["GET"]}}],"collection":[{"href":"https:\/\/prizrenpost.com\/al\/wp-json\/wp\/v2\/posts"}],"about":[{"href":"https:\/\/prizrenpost.com\/al\/wp-json\/wp\/v2\/types\/post"}],"author":[{"embeddable":true,"href":"https:\/\/prizrenpost.com\/al\/wp-json\/wp\/v2\/users\/1"}],"replies":[{"embeddable":true,"href":"https:\/\/prizrenpost.com\/al\/wp-json\/wp\/v2\/comments?post=105560"}],"version-history":[{"count":0,"href":"https:\/\/prizrenpost.com\/al\/wp-json\/wp\/v2\/posts\/105560\/revisions"}],"wp:featuredmedia":[{"embeddable":true,"href":"https:\/\/prizrenpost.com\/al\/wp-json\/wp\/v2\/media\/105559"}],"wp:attachment":[{"href":"https:\/\/prizrenpost.com\/al\/wp-json\/wp\/v2\/media?parent=105560"}],"wp:term":[{"taxonomy":"category","embeddable":true,"href":"https:\/\/prizrenpost.com\/al\/wp-json\/wp\/v2\/categories?post=105560"},{"taxonomy":"post_tag","embeddable":true,"href":"https:\/\/prizrenpost.com\/al\/wp-json\/wp\/v2\/tags?post=105560"}],"curies":[{"name":"wp","href":"https:\/\/api.w.org\/{rel}","templated":true}]}}