{"id":105562,"date":"2026-04-09T08:25:07","date_gmt":"2026-04-09T05:25:07","guid":{"rendered":"https:\/\/prizrenpost.com\/al\/macron-armepushimi-i-iranit-duhet-te-zbatohet-edhe-per-libanin-situata-eshte-kritike\/"},"modified":"2026-04-09T08:25:07","modified_gmt":"2026-04-09T05:25:07","slug":"macron-armepushimi-i-iranit-duhet-te-zbatohet-edhe-per-libanin-situata-eshte-kritike","status":"publish","type":"post","link":"https:\/\/prizrenpost.com\/al\/macron-armepushimi-i-iranit-duhet-te-zbatohet-edhe-per-libanin-situata-eshte-kritike\/","title":{"rendered":"Macron: Arm\u00ebpushimi i Iranit duhet t\u00eb zbatohet edhe p\u00ebr Libanin, situata \u00ebsht\u00eb kritike"},"content":{"rendered":"<figure class=\"post-featured-image\"><img decoding=\"async\" src=\"https:\/\/prizrenpost.com\/al\/wp-content\/uploads\/2026\/04\/800-0-b19f068346cb0554e24ce722fbfe2fd6.jpg\" alt=\"Macron: Arm\u00ebpushimi i Iranit duhet t\u00eb zbatohet edhe p\u00ebr Libanin, situata \u00ebsht\u00eb kritike\"\/><\/figure>\n<p>Presidenti francez Emmanuel Macron tha se \u00ebsht\u00eb jetike q\u00eb arm\u00ebpushimi dyjavor midis SHBA-s\u00eb dhe Iranit t\u00eb shtrihet edhe n\u00eb sulmet e Izraelit kund\u00ebr Libanit.<\/p>\n<p>\u201cSituata \u00ebsht\u00eb kritike\u201d n\u00eb Liban, paralajm\u00ebroi Macron t\u00eb m\u00ebrkur\u00ebn p\u00ebrpara nj\u00eb takimi t\u00eb k\u00ebshillit francez t\u00eb mbrojtjes.<\/p>\n<p>\u201cAjo q\u00eb kemi par\u00eb me sulmet dhe pushtimin e Libanit jugor nga Izraeli nuk \u00ebsht\u00eb p\u00ebrgjigjja e duhur\u201d, tha ai.<\/p>\n<p>Izraeli ka sulmuar vazhdimisht Libanin pas nj\u00eb sulmi nga grupi Hezbollah i lidhur me Iranin n\u00eb mars. Ofensiva izraelite ka vrar\u00eb m\u00eb shum\u00eb se 1,500 njer\u00ebz, sipas autoriteteve libaneze.<\/p>\n<p>Ministri izraelit i mbrojtjes tha n\u00eb fund t\u00eb marsit se Izraeli do t\u00eb mbetej n\u00eb Libanin jugor, nj\u00eb rajon q\u00eb e pushtoi ilegalisht nga viti 1982 deri n\u00eb vitin 2000 \u2013 edhe pasi t\u00eb mbaroj\u00eb konflikti aktual.<\/p>\n<p>Macron ka d\u00ebnuar vazhdimisht sulmet kund\u00ebr Libanit, nj\u00eb nga aleat\u00ebt m\u00eb t\u00eb ngusht\u00eb t\u00eb Franc\u00ebs n\u00eb Lindjen e Mesme, dhe i ka k\u00ebrkuar qeveris\u00eb izraelite t\u00eb filloj\u00eb bisedimet me homolog\u00ebt e saj libanez\u00eb.<\/p>\n<p>Franca ka akuzuar gjithashtu ushtar\u00ebt izraelit\u00eb se synojn\u00eb t\u00eb \u201cfrik\u00ebsojn\u00eb\u201d forcat ushtarake franceze q\u00eb marrin pjes\u00eb n\u00eb nj\u00eb mision paqeruajt\u00ebs t\u00eb Kombeve t\u00eb Bashkuara n\u00eb rajon.<\/p>\n<p>Por \u00ebsht\u00eb e paqart\u00eb n\u00ebse arm\u00ebpushimi SHBA-Iran i nd\u00ebrmjet\u00ebsuar nga Pakistani t\u00eb cilin presidenti francez e cil\u00ebsoi si \u201cnj\u00eb gj\u00eb shum\u00eb t\u00eb mir\u00eb\u201d, do t\u00eb shtrihet aq sa shpreson Macron.<\/p>\n<p>Edhe pse kryeministri pakistanez Shehbaz Sharif tha se ky do t\u00eb ishte rasti, kryeministri izraelit Benjamin Netanyahu tha gjat\u00eb nat\u00ebs se arm\u00ebpushimi \u201cnuk p\u00ebrfshin Libanin\u201d.<\/p>\n<hr style=\"margin:30px 0\"\/>\n<p style=\"font-size:13px;color:#666\">Burimi: <strong>mesazhi<\/strong><\/p>\n","protected":false},"excerpt":{"rendered":"<p>Presidenti francez Emmanuel Macron tha se \u00ebsht\u00eb jetike q\u00eb arm\u00ebpushimi dyjavor midis SHBA-s\u00eb dhe Iranit t\u00eb shtrihet edhe n\u00eb sulmet e Izraelit kund\u00ebr Libanit. \u201cSituata \u00ebsht\u00eb kritike\u201d n\u00eb Liban, paralajm\u00ebroi Macron t\u00eb m\u00ebrkur\u00ebn p\u00ebrpara nj\u00eb takimi t\u00eb k\u00ebshillit francez t\u00eb mbrojtjes. \u201cAjo q\u00eb kemi par\u00eb me sulmet dhe pushtimin e Libanit jugor nga Izraeli nuk [&hellip;]<\/p>\n","protected":false},"author":1,"featured_media":105561,"comment_status":"open","ping_status":"open","sticky":false,"template":"","format":"standard","meta":{"footnotes":""},"categories":[24],"tags":[3803],"class_list":["post-105562","post","type-post","status-publish","format-standard","has-post-thumbnail","hentry","category-bote","tag-aktuale"],"_links":{"self":[{"href":"https:\/\/prizrenpost.com\/al\/wp-json\/wp\/v2\/posts\/105562","targetHints":{"allow":["GET"]}}],"collection":[{"href":"https:\/\/prizrenpost.com\/al\/wp-json\/wp\/v2\/posts"}],"about":[{"href":"https:\/\/prizrenpost.com\/al\/wp-json\/wp\/v2\/types\/post"}],"author":[{"embeddable":true,"href":"https:\/\/prizrenpost.com\/al\/wp-json\/wp\/v2\/users\/1"}],"replies":[{"embeddable":true,"href":"https:\/\/prizrenpost.com\/al\/wp-json\/wp\/v2\/comments?post=105562"}],"version-history":[{"count":0,"href":"https:\/\/prizrenpost.com\/al\/wp-json\/wp\/v2\/posts\/105562\/revisions"}],"wp:featuredmedia":[{"embeddable":true,"href":"https:\/\/prizrenpost.com\/al\/wp-json\/wp\/v2\/media\/105561"}],"wp:attachment":[{"href":"https:\/\/prizrenpost.com\/al\/wp-json\/wp\/v2\/media?parent=105562"}],"wp:term":[{"taxonomy":"category","embeddable":true,"href":"https:\/\/prizrenpost.com\/al\/wp-json\/wp\/v2\/categories?post=105562"},{"taxonomy":"post_tag","embeddable":true,"href":"https:\/\/prizrenpost.com\/al\/wp-json\/wp\/v2\/tags?post=105562"}],"curies":[{"name":"wp","href":"https:\/\/api.w.org\/{rel}","templated":true}]}}