{"id":105571,"date":"2026-04-09T10:35:31","date_gmt":"2026-04-09T07:35:31","guid":{"rendered":"https:\/\/prizrenpost.com\/al\/nje-palestinez-i-vrare-ne-sulmin-izraelit-me-dron-ne-gaza-pavaresisht-armepushimit\/"},"modified":"2026-04-09T10:35:31","modified_gmt":"2026-04-09T07:35:31","slug":"nje-palestinez-i-vrare-ne-sulmin-izraelit-me-dron-ne-gaza-pavaresisht-armepushimit","status":"publish","type":"post","link":"https:\/\/prizrenpost.com\/al\/nje-palestinez-i-vrare-ne-sulmin-izraelit-me-dron-ne-gaza-pavaresisht-armepushimit\/","title":{"rendered":"Nj\u00eb palestinez i vrar\u00eb n\u00eb sulmin izraelit me dron n\u00eb Gaza, pavar\u00ebsisht arm\u00ebpushimit"},"content":{"rendered":"<figure class=\"post-featured-image\"><img decoding=\"async\" src=\"https:\/\/prizrenpost.com\/al\/wp-content\/uploads\/2026\/04\/thumbs_b_c_b8387a65f5bc1af666d690e7589f1ef4.jpg\" alt=\"Nj\u00eb palestinez i vrar\u00eb n\u00eb sulmin izraelit me dron n\u00eb Gaza, pavar\u00ebsisht arm\u00ebpushimit\"\/><\/figure>\n<p>Nj\u00eb palestinez u vra dhe nj\u00eb tjet\u00ebr u plagos sot n\u00eb sulme t\u00eb ndara izraelite n\u00eb Rripin e Gaz\u00ebs, mes shkeljeve t\u00eb vazhdueshme t\u00eb arm\u00ebpushimit q\u00eb \u00ebsht\u00eb n\u00eb fuqi q\u00eb nga tetori, raportoi nj\u00eb burim mjek\u00ebsor, transmeton Anadolu.<\/p>\n<p>Nj\u00eb dron izraelit goditi dhe vrau nj\u00eb palestinez n\u00eb qytetin jugor Rafah, tha burimi.<\/p>\n<p>N\u00eb nj\u00eb incident tjet\u00ebr, nj\u00eb palestinez u plagos nga t\u00eb sht\u00ebnat e ushtris\u00eb izraelite n\u00eb qytetin verior Beit Lahia.<\/p>\n<p>Forcat izraelite kan\u00eb kryer shkelje pothuajse t\u00eb p\u00ebrditshme t\u00eb arm\u00ebpushimit p\u00ebrmes bombardimeve dhe p\u00ebrdorimit t\u00eb municionit t\u00eb v\u00ebrtet\u00eb, duke vrar\u00eb 736 palestinez\u00eb dhe duke plagosur 2.035 t\u00eb tjer\u00eb q\u00eb nga hyrja n\u00eb fuqi e marr\u00ebveshjes.<\/p>\n<p>Arm\u00ebpushimi u arrit pas dy vitesh gjenocidi t\u00eb nisur nga Izraeli n\u00eb Gaza m\u00eb 8 tetor 2023, me mb\u00ebshtetjen e SHBA-s\u00eb. Lufta ka l\u00ebn\u00eb t\u00eb vrar\u00eb m\u00eb shum\u00eb se 72 mij\u00eb palestinez\u00eb dhe t\u00eb plagosur mbi 172 mij\u00eb t\u00eb tjer\u00eb nd\u00ebrsa ka shkat\u00ebrruar rreth 90 p\u00ebr qind t\u00eb infrastruktur\u00ebs s\u00eb enklav\u00ebs.<\/p>\n<hr style=\"margin:30px 0\"\/>\n<p style=\"font-size:13px;color:#666\">Burimi: <strong>mesazhi<\/strong><\/p>\n","protected":false},"excerpt":{"rendered":"<p>Nj\u00eb palestinez u vra dhe nj\u00eb tjet\u00ebr u plagos sot n\u00eb sulme t\u00eb ndara izraelite n\u00eb Rripin e Gaz\u00ebs, mes shkeljeve t\u00eb vazhdueshme t\u00eb arm\u00ebpushimit q\u00eb \u00ebsht\u00eb n\u00eb fuqi q\u00eb nga tetori, raportoi nj\u00eb burim mjek\u00ebsor, transmeton Anadolu. Nj\u00eb dron izraelit goditi dhe vrau nj\u00eb palestinez n\u00eb qytetin jugor Rafah, tha burimi. N\u00eb nj\u00eb incident [&hellip;]<\/p>\n","protected":false},"author":1,"featured_media":105570,"comment_status":"open","ping_status":"open","sticky":false,"template":"","format":"standard","meta":{"footnotes":""},"categories":[24],"tags":[3803],"class_list":["post-105571","post","type-post","status-publish","format-standard","has-post-thumbnail","hentry","category-bote","tag-aktuale"],"_links":{"self":[{"href":"https:\/\/prizrenpost.com\/al\/wp-json\/wp\/v2\/posts\/105571","targetHints":{"allow":["GET"]}}],"collection":[{"href":"https:\/\/prizrenpost.com\/al\/wp-json\/wp\/v2\/posts"}],"about":[{"href":"https:\/\/prizrenpost.com\/al\/wp-json\/wp\/v2\/types\/post"}],"author":[{"embeddable":true,"href":"https:\/\/prizrenpost.com\/al\/wp-json\/wp\/v2\/users\/1"}],"replies":[{"embeddable":true,"href":"https:\/\/prizrenpost.com\/al\/wp-json\/wp\/v2\/comments?post=105571"}],"version-history":[{"count":0,"href":"https:\/\/prizrenpost.com\/al\/wp-json\/wp\/v2\/posts\/105571\/revisions"}],"wp:featuredmedia":[{"embeddable":true,"href":"https:\/\/prizrenpost.com\/al\/wp-json\/wp\/v2\/media\/105570"}],"wp:attachment":[{"href":"https:\/\/prizrenpost.com\/al\/wp-json\/wp\/v2\/media?parent=105571"}],"wp:term":[{"taxonomy":"category","embeddable":true,"href":"https:\/\/prizrenpost.com\/al\/wp-json\/wp\/v2\/categories?post=105571"},{"taxonomy":"post_tag","embeddable":true,"href":"https:\/\/prizrenpost.com\/al\/wp-json\/wp\/v2\/tags?post=105571"}],"curies":[{"name":"wp","href":"https:\/\/api.w.org\/{rel}","templated":true}]}}