{"id":105575,"date":"2026-04-09T10:50:29","date_gmt":"2026-04-09T07:50:29","guid":{"rendered":"https:\/\/prizrenpost.com\/al\/tash-e-tri-dite-zhduket-vajza-nga-gjakova-babai-raporton-rastin-ne-polici\/"},"modified":"2026-04-09T10:50:29","modified_gmt":"2026-04-09T07:50:29","slug":"tash-e-tri-dite-zhduket-vajza-nga-gjakova-babai-raporton-rastin-ne-polici","status":"publish","type":"post","link":"https:\/\/prizrenpost.com\/al\/tash-e-tri-dite-zhduket-vajza-nga-gjakova-babai-raporton-rastin-ne-polici\/","title":{"rendered":"Tash e tri dit\u00eb zhduket vajza nga Gjakova, babai raporton rastin n\u00eb polici"},"content":{"rendered":"<figure class=\"post-featured-image\"><img decoding=\"async\" src=\"https:\/\/prizrenpost.com\/al\/wp-content\/uploads\/2026\/04\/policia-vetura.jpeg\" alt=\"Tash e tri dit\u00eb zhduket vajza nga Gjakova, babai raporton rastin n\u00eb polici\"\/><\/figure>\n<p>Policia e Kosov\u00ebs ka njoftuar se ka nisur hetimet p\u00ebr nj\u00eb rast, pasi babai nga Gjakova ka raportuar se vajza e tij \u00ebsht\u00eb zhdukur.<\/p>\n<p>Sipas raportit policor, vajza ka dal nga sht\u00ebpia dhe tash e tri dit\u00eb ende nuk dihet asgj\u00eb p\u00ebr vendndodhjen e saj.<\/p>\n<p>\u201cGjakov\u00eb \/ 06.04.2026 \u2013 16:00. Ankuesi mashkull kosovar ka raportuar se vajza e tij viktima fem\u00ebr kosovare ka dal\u00eb nga sht\u00ebpia dhe nuk dihet asgj\u00eb p\u00ebr vendndodhjen e saj. Rasti n\u00ebn hetime nga nj\u00ebsit\u00eb relevante.\u201d, thuhet n\u00eb raportin policor. \/Klankosova<\/p>\n<hr style=\"margin:30px 0\"\/>\n<p style=\"font-size:13px;color:#666\">Burimi: <strong>klankosova<\/strong><\/p>\n","protected":false},"excerpt":{"rendered":"<p>Policia e Kosov\u00ebs ka njoftuar se ka nisur hetimet p\u00ebr nj\u00eb rast, pasi babai nga Gjakova ka raportuar se vajza e tij \u00ebsht\u00eb zhdukur. Sipas raportit policor, vajza ka dal nga sht\u00ebpia dhe tash e tri dit\u00eb ende nuk dihet asgj\u00eb p\u00ebr vendndodhjen e saj. \u201cGjakov\u00eb \/ 06.04.2026 \u2013 16:00. Ankuesi mashkull kosovar ka raportuar [&hellip;]<\/p>\n","protected":false},"author":1,"featured_media":105574,"comment_status":"open","ping_status":"open","sticky":false,"template":"","format":"standard","meta":{"footnotes":""},"categories":[17],"tags":[],"class_list":["post-105575","post","type-post","status-publish","format-standard","has-post-thumbnail","hentry","category-kronike"],"_links":{"self":[{"href":"https:\/\/prizrenpost.com\/al\/wp-json\/wp\/v2\/posts\/105575","targetHints":{"allow":["GET"]}}],"collection":[{"href":"https:\/\/prizrenpost.com\/al\/wp-json\/wp\/v2\/posts"}],"about":[{"href":"https:\/\/prizrenpost.com\/al\/wp-json\/wp\/v2\/types\/post"}],"author":[{"embeddable":true,"href":"https:\/\/prizrenpost.com\/al\/wp-json\/wp\/v2\/users\/1"}],"replies":[{"embeddable":true,"href":"https:\/\/prizrenpost.com\/al\/wp-json\/wp\/v2\/comments?post=105575"}],"version-history":[{"count":0,"href":"https:\/\/prizrenpost.com\/al\/wp-json\/wp\/v2\/posts\/105575\/revisions"}],"wp:featuredmedia":[{"embeddable":true,"href":"https:\/\/prizrenpost.com\/al\/wp-json\/wp\/v2\/media\/105574"}],"wp:attachment":[{"href":"https:\/\/prizrenpost.com\/al\/wp-json\/wp\/v2\/media?parent=105575"}],"wp:term":[{"taxonomy":"category","embeddable":true,"href":"https:\/\/prizrenpost.com\/al\/wp-json\/wp\/v2\/categories?post=105575"},{"taxonomy":"post_tag","embeddable":true,"href":"https:\/\/prizrenpost.com\/al\/wp-json\/wp\/v2\/tags?post=105575"}],"curies":[{"name":"wp","href":"https:\/\/api.w.org\/{rel}","templated":true}]}}