{"id":105577,"date":"2026-04-09T11:15:13","date_gmt":"2026-04-09T08:15:13","guid":{"rendered":"https:\/\/prizrenpost.com\/al\/shtate-te-vrare-ne-sulmin-e-ri-ajror-izraelit-ne-libanin-jugor\/"},"modified":"2026-04-09T11:15:13","modified_gmt":"2026-04-09T08:15:13","slug":"shtate-te-vrare-ne-sulmin-e-ri-ajror-izraelit-ne-libanin-jugor","status":"publish","type":"post","link":"https:\/\/prizrenpost.com\/al\/shtate-te-vrare-ne-sulmin-e-ri-ajror-izraelit-ne-libanin-jugor\/","title":{"rendered":"Shtat\u00eb t\u00eb vrar\u00eb n\u00eb sulmin e ri ajror izraelit n\u00eb Libanin jugor"},"content":{"rendered":"<figure class=\"post-featured-image\"><img decoding=\"async\" src=\"https:\/\/prizrenpost.com\/al\/wp-content\/uploads\/2026\/04\/thumbs_b_c_5539a15d70c2207c7c7c439b3bd1296c.jpg\" alt=\"Shtat\u00eb t\u00eb vrar\u00eb n\u00eb sulmin e ri ajror izraelit n\u00eb Libanin jugor\"\/><\/figure>\n<p>T\u00eb pakt\u00ebn shtat\u00eb persona t\u00eb tjer\u00eb u vran\u00eb dhe disa t\u00eb tjer\u00eb u plagos\u00ebn t\u00eb enjten n\u00eb nj\u00eb sulm ajror izraelit n\u00eb Libanin jugor, transmeton Anadolu.<\/p>\n<p>Agjencis\u00eb Komb\u00ebtare e Lajmeve t\u00eb Libanit raportoi se nj\u00eb sulm ajror izraelit n\u00eb qytetin Abbassiyeh vrau t\u00eb pakt\u00ebn shtat\u00eb persona dhe plagosi disa t\u00eb tjer\u00eb, duke v\u00ebn\u00eb n\u00eb dukje se shifrat mbeten paraprake.<\/p>\n<p>Ajo shtoi se avion\u00ebt luftarak\u00eb izraelit\u00eb kryen nj\u00eb seri sulmesh ajrore n\u00eb disa qytete, duke p\u00ebrfshir\u00eb Kafra, Jmaijmeh, Safad al-Battikh, Majdal Selm, Deir Antar dhe zonat p\u00ebrreth ur\u00ebs Qasmiyeh.<\/p>\n<p>Sulmet u kryen s\u00eb bashku me granatimet e artileris\u00eb q\u00eb sh\u00ebnjestruan qytetin Haris, tha raporti.<\/p>\n<p>T\u00eb m\u00ebrkur\u00ebn, t\u00eb pakt\u00ebn 254 persona u vran\u00eb dhe 1.165 t\u00eb tjer\u00eb u plagos\u00ebn n\u00eb sulmet izraelite n\u00eb t\u00eb gjith\u00eb Libanin, p\u00ebrfshir\u00eb Bejrutin, sipas Mbrojtjes Civile Libaneze.<\/p>\n<p>Sulmet erdh\u00ebn pavar\u00ebsisht nj\u00eb marr\u00ebveshjeje arm\u00ebpushimi SHBA-Iran t\u00eb njoftuar t\u00eb m\u00ebrkur\u00ebn.<\/p>\n<p>Ministria e Sh\u00ebndet\u00ebsis\u00eb e Libanit tha se numri i p\u00ebrgjithsh\u00ebm i t\u00eb vdekurve nga sulmet izraelite n\u00eb Liban q\u00eb nga 2 marsi \u00ebsht\u00eb rritur n\u00eb 1.739, me 5.873 t\u00eb tjer\u00eb t\u00eb plagosur.<\/p>\n<hr style=\"margin:30px 0\"\/>\n<p style=\"font-size:13px;color:#666\">Burimi: <strong>mesazhi<\/strong><\/p>\n","protected":false},"excerpt":{"rendered":"<p>T\u00eb pakt\u00ebn shtat\u00eb persona t\u00eb tjer\u00eb u vran\u00eb dhe disa t\u00eb tjer\u00eb u plagos\u00ebn t\u00eb enjten n\u00eb nj\u00eb sulm ajror izraelit n\u00eb Libanin jugor, transmeton Anadolu. Agjencis\u00eb Komb\u00ebtare e Lajmeve t\u00eb Libanit raportoi se nj\u00eb sulm ajror izraelit n\u00eb qytetin Abbassiyeh vrau t\u00eb pakt\u00ebn shtat\u00eb persona dhe plagosi disa t\u00eb tjer\u00eb, duke v\u00ebn\u00eb n\u00eb dukje [&hellip;]<\/p>\n","protected":false},"author":1,"featured_media":105576,"comment_status":"open","ping_status":"open","sticky":false,"template":"","format":"standard","meta":{"footnotes":""},"categories":[24],"tags":[3803],"class_list":["post-105577","post","type-post","status-publish","format-standard","has-post-thumbnail","hentry","category-bote","tag-aktuale"],"_links":{"self":[{"href":"https:\/\/prizrenpost.com\/al\/wp-json\/wp\/v2\/posts\/105577","targetHints":{"allow":["GET"]}}],"collection":[{"href":"https:\/\/prizrenpost.com\/al\/wp-json\/wp\/v2\/posts"}],"about":[{"href":"https:\/\/prizrenpost.com\/al\/wp-json\/wp\/v2\/types\/post"}],"author":[{"embeddable":true,"href":"https:\/\/prizrenpost.com\/al\/wp-json\/wp\/v2\/users\/1"}],"replies":[{"embeddable":true,"href":"https:\/\/prizrenpost.com\/al\/wp-json\/wp\/v2\/comments?post=105577"}],"version-history":[{"count":0,"href":"https:\/\/prizrenpost.com\/al\/wp-json\/wp\/v2\/posts\/105577\/revisions"}],"wp:featuredmedia":[{"embeddable":true,"href":"https:\/\/prizrenpost.com\/al\/wp-json\/wp\/v2\/media\/105576"}],"wp:attachment":[{"href":"https:\/\/prizrenpost.com\/al\/wp-json\/wp\/v2\/media?parent=105577"}],"wp:term":[{"taxonomy":"category","embeddable":true,"href":"https:\/\/prizrenpost.com\/al\/wp-json\/wp\/v2\/categories?post=105577"},{"taxonomy":"post_tag","embeddable":true,"href":"https:\/\/prizrenpost.com\/al\/wp-json\/wp\/v2\/tags?post=105577"}],"curies":[{"name":"wp","href":"https:\/\/api.w.org\/{rel}","templated":true}]}}