{"id":105587,"date":"2026-04-09T12:25:14","date_gmt":"2026-04-09T09:25:14","guid":{"rendered":"https:\/\/prizrenpost.com\/al\/kolonet-okupues-izraelite-rrembejne-nje-adoleshent-palestinez-ne-bregun-perendimor-plagosin-disa-te-tjere\/"},"modified":"2026-04-09T12:25:14","modified_gmt":"2026-04-09T09:25:14","slug":"kolonet-okupues-izraelite-rrembejne-nje-adoleshent-palestinez-ne-bregun-perendimor-plagosin-disa-te-tjere","status":"publish","type":"post","link":"https:\/\/prizrenpost.com\/al\/kolonet-okupues-izraelite-rrembejne-nje-adoleshent-palestinez-ne-bregun-perendimor-plagosin-disa-te-tjere\/","title":{"rendered":"Kolon\u00ebt okupues izraelit\u00eb rr\u00ebmbejn\u00eb nj\u00eb adoleshent palestinez n\u00eb Bregun Per\u00ebndimor, plagosin disa t\u00eb tjer\u00eb"},"content":{"rendered":"<figure class=\"post-featured-image\"><img decoding=\"async\" src=\"https:\/\/prizrenpost.com\/al\/wp-content\/uploads\/2026\/04\/thumbs_b_c_8221236c5fa89b98b89b16e95eca0865.jpg\" alt=\"Kolon\u00ebt okupues izraelit\u00eb rr\u00ebmbejn\u00eb nj\u00eb adoleshent palestinez n\u00eb Bregun Per\u00ebndimor, plagosin disa t\u00eb tjer\u00eb\"\/><\/figure>\n<p>Kolon\u00ebt okupues izraelit\u00eb kan\u00eb rr\u00ebmbyer nj\u00eb palestinez 14-vje\u00e7ar dhe kan\u00eb plagosur pes\u00eb t\u00eb tjer\u00eb n\u00eb sulme t\u00eb ndara n\u00eb veri t\u00eb Bregut Per\u00ebndimor t\u00eb m\u00ebrkur\u00ebn von\u00eb, sipas medias zyrtare palestineze, transmeton Anadolu.<\/p>\n<p>Okupuesit kan\u00eb rr\u00ebmbyer 14-vje\u00e7arin nga qyteti Qabalan dhe e kan\u00eb d\u00ebrguar n\u00eb vendbanimin Itamar, pa informacione p\u00ebr lirimin e tij, raportoi agjencia palestineze e lajmeve WAFA.<\/p>\n<p>N\u00eb incidente t\u00eb ve\u00e7anta, kat\u00ebr sulme nga kolon\u00ebt kan\u00eb ndodhur n\u00eb jug t\u00eb qytetit Nablus dhe nj\u00eb i pest\u00eb n\u00eb lindje t\u00eb Tubasit, duke p\u00ebrfshir\u00eb sulme fizike, rr\u00ebmbime dhe keqtrajtim t\u00eb banor\u00ebve, shtoi WAFA.<\/p>\n<p>Kreu i k\u00ebshillit t\u00eb fshatit, Ibrahim Omran, tha se n\u00eb nj\u00eb incident, nj\u00eb i ri u rrah dhe u plagos nga kolon\u00ebt mes qytetit Aqraba dhe fshatit Yanun.<\/p>\n<p>N\u00eb fshatin Burin, nj\u00eb grua p\u00ebsoi asfiksi pasi kolon\u00ebt e sulmuan me sprej djeg\u00ebs gjat\u00eb bastisjes s\u00eb nj\u00eb sht\u00ebpie dhe q\u00eblluan me municion t\u00eb v\u00ebrtet\u00eb p\u00ebr t\u00eb frik\u00ebsuar banor\u00ebt, shtoi ai.<\/p>\n<p>Kolon\u00ebt gjithashtu rr\u00ebmbyen dy t\u00eb rinj nga Einabus, i d\u00ebrguan n\u00eb nj\u00eb zon\u00eb pran\u00eb nj\u00eb vendbanimi, i rrah\u00ebn dhe i zhvesh\u00ebn para se t\u2019i lironin, raportoi WAFA.<\/p>\n<p>N\u00eb lindje t\u00eb Tubasit, kolon\u00ebt sulmuan nj\u00eb palestinez nd\u00ebrsa ai po punonte n\u00eb ferm\u00ebn e tij, megjith\u00ebse nuk ka detaje p\u00ebr gjendjen e tij.<\/p>\n<p>Sipas Komisionit p\u00ebr Rezistenc\u00ebn ndaj Murit dhe Vendbanimeve, kolon\u00ebt okupues izraelit\u00eb kan\u00eb kryer 4.723 sulme n\u00eb gjith\u00eb Bregun Per\u00ebndimor t\u00eb pushtuar gjat\u00eb vitit 2025, duke vrar\u00eb 14 palestinez\u00eb dhe duke zhvendosur 13 komunitete beduine me gjithsej 1.090 persona.<\/p>\n<p>Izraeli ka intensifikuar operacionet n\u00eb Bregun Per\u00ebndimor, p\u00ebrfshir\u00eb Kudsin Lindor, q\u00eb nga nisja e fushat\u00ebs ushtarake n\u00eb Rripin e Gaz\u00ebs m\u00eb 8 tetor 2023. Palestinez\u00ebt e shohin p\u00ebrshkall\u00ebzimin, p\u00ebrfshir\u00eb vrasjet, arrestimet, zhvendosjet dhe zgjerimin e vendbanimeve kolone, si nj\u00eb hap drejt aneksimit formal t\u00eb territorit.<\/p>\n<p>N\u00eb nj\u00eb opinion historik n\u00eb vitin 2024, Gjykata Nd\u00ebrkomb\u00ebtare e Drejt\u00ebsis\u00eb e shpalli t\u00eb paligjsh\u00ebm pushtimin izraelit t\u00eb territorit palestinez dhe b\u00ebri thirrje p\u00ebr evakuimin e t\u00eb gjitha vendbanimeve kolone n\u00eb Bregun Per\u00ebndimor dhe Kudsin Lindor.<\/p>\n<hr style=\"margin:30px 0\"\/>\n<p style=\"font-size:13px;color:#666\">Burimi: <strong>mesazhi<\/strong><\/p>\n","protected":false},"excerpt":{"rendered":"<p>Kolon\u00ebt okupues izraelit\u00eb kan\u00eb rr\u00ebmbyer nj\u00eb palestinez 14-vje\u00e7ar dhe kan\u00eb plagosur pes\u00eb t\u00eb tjer\u00eb n\u00eb sulme t\u00eb ndara n\u00eb veri t\u00eb Bregut Per\u00ebndimor t\u00eb m\u00ebrkur\u00ebn von\u00eb, sipas medias zyrtare palestineze, transmeton Anadolu. Okupuesit kan\u00eb rr\u00ebmbyer 14-vje\u00e7arin nga qyteti Qabalan dhe e kan\u00eb d\u00ebrguar n\u00eb vendbanimin Itamar, pa informacione p\u00ebr lirimin e tij, raportoi agjencia palestineze [&hellip;]<\/p>\n","protected":false},"author":1,"featured_media":105586,"comment_status":"open","ping_status":"open","sticky":false,"template":"","format":"standard","meta":{"footnotes":""},"categories":[24],"tags":[3803],"class_list":["post-105587","post","type-post","status-publish","format-standard","has-post-thumbnail","hentry","category-bote","tag-aktuale"],"_links":{"self":[{"href":"https:\/\/prizrenpost.com\/al\/wp-json\/wp\/v2\/posts\/105587","targetHints":{"allow":["GET"]}}],"collection":[{"href":"https:\/\/prizrenpost.com\/al\/wp-json\/wp\/v2\/posts"}],"about":[{"href":"https:\/\/prizrenpost.com\/al\/wp-json\/wp\/v2\/types\/post"}],"author":[{"embeddable":true,"href":"https:\/\/prizrenpost.com\/al\/wp-json\/wp\/v2\/users\/1"}],"replies":[{"embeddable":true,"href":"https:\/\/prizrenpost.com\/al\/wp-json\/wp\/v2\/comments?post=105587"}],"version-history":[{"count":0,"href":"https:\/\/prizrenpost.com\/al\/wp-json\/wp\/v2\/posts\/105587\/revisions"}],"wp:featuredmedia":[{"embeddable":true,"href":"https:\/\/prizrenpost.com\/al\/wp-json\/wp\/v2\/media\/105586"}],"wp:attachment":[{"href":"https:\/\/prizrenpost.com\/al\/wp-json\/wp\/v2\/media?parent=105587"}],"wp:term":[{"taxonomy":"category","embeddable":true,"href":"https:\/\/prizrenpost.com\/al\/wp-json\/wp\/v2\/categories?post=105587"},{"taxonomy":"post_tag","embeddable":true,"href":"https:\/\/prizrenpost.com\/al\/wp-json\/wp\/v2\/tags?post=105587"}],"curies":[{"name":"wp","href":"https:\/\/api.w.org\/{rel}","templated":true}]}}