{"id":105789,"date":"2026-04-10T15:05:24","date_gmt":"2026-04-10T12:05:24","guid":{"rendered":"https:\/\/prizrenpost.com\/al\/zyra-e-medias-ne-gaza-mohon-pretendimin-e-te-derguarit-te-bordit-te-paqes-per-ndihmat-ne-gaza\/"},"modified":"2026-04-10T15:05:24","modified_gmt":"2026-04-10T12:05:24","slug":"zyra-e-medias-ne-gaza-mohon-pretendimin-e-te-derguarit-te-bordit-te-paqes-per-ndihmat-ne-gaza","status":"publish","type":"post","link":"https:\/\/prizrenpost.com\/al\/zyra-e-medias-ne-gaza-mohon-pretendimin-e-te-derguarit-te-bordit-te-paqes-per-ndihmat-ne-gaza\/","title":{"rendered":"Zyra e medias n\u00eb Gaza mohon pretendimin e t\u00eb d\u00ebrguarit t\u00eb Bordit t\u00eb Paqes p\u00ebr ndihmat n\u00eb Gaza"},"content":{"rendered":"<figure class=\"post-featured-image\"><img decoding=\"async\" src=\"https:\/\/prizrenpost.com\/al\/wp-content\/uploads\/2026\/04\/thumbs_b_c_aade3d8b7e79bddd16d347b4647fae7b.jpg\" alt=\"Zyra e medias n\u00eb Gaza mohon pretendimin e t\u00eb d\u00ebrguarit t\u00eb Bordit t\u00eb Paqes p\u00ebr ndihmat n\u00eb Gaza\"\/><\/figure>\n<p>Zyra e medias e qeveris\u00eb s\u00eb Gaz\u00ebs mohoi nj\u00eb pretendim nga i d\u00ebrguari i Bordit t\u00eb Paqes, Nicolay Mladenov se 602 kamion\u00eb me ndihma hyn\u00eb n\u00eb enklav\u00eb nj\u00eb dit\u00eb m\u00eb par\u00eb, duke th\u00ebn\u00eb se vet\u00ebm 207 kamion\u00eb kaluan n\u00eb Gaza, p\u00ebrfshir\u00eb 79 q\u00eb transportonin ndihm\u00eb humanitare, transmeton Anadolu.<\/p>\n<p>Mladenov, p\u00ebrfaq\u00ebsuesi i lart\u00eb i Bordit t\u00eb Paqes p\u00ebr Gaz\u00ebn, tha t\u00eb enjten n\u00eb kompanin\u00eb amerikane t\u00eb mediave sociale X se \u201c602 kamion\u00eb hyn\u00eb n\u00eb Gaza me furnizime thelb\u00ebsore p\u00ebr familjet q\u00eb kan\u00eb pritur shum\u00eb gjat\u00eb\u201d.<\/p>\n<p>\u201cK\u00ebshtu duket qasja e shkall\u00ebzuar dhe duhet t\u00eb b\u00ebhet baza ditore, jo p\u00ebrjashtim\u201d, shtoi ai.<\/p>\n<p>N\u00eb p\u00ebrgjigje, zyra e medias e Gaz\u00ebs tha n\u00eb nj\u00eb deklarat\u00eb se shifrat e Mladenovit ishin \u201ct\u00eb rreme, t\u00eb pasakta dhe u mungonte besueshm\u00ebria\u201d.<\/p>\n<p>\u201cShifrat aktuale p\u00ebr 9 prill konfirmojn\u00eb se vet\u00ebm 207 kamion\u00eb hyn\u00eb n\u00eb Rripin e Gaz\u00ebs, p\u00ebrfshir\u00eb 79 kamion\u00eb me ndihma\u201d, tha zyra duke v\u00ebn\u00eb n\u00eb dukje se kamion\u00ebt e mbetur transportonin mallra komerciale p\u00ebr kompani private.<\/p>\n<p>Zyra tha se numri i kamion\u00ebve q\u00eb hyjn\u00eb n\u00eb enklav\u00eb \u201cnuk p\u00ebrmbush nivelin e reagimit humanitar t\u00eb k\u00ebrkuar dhe n\u00eb asnj\u00eb m\u00ebnyr\u00eb nuk pasqyron llojin e aksesit n\u00eb shkall\u00eb t\u00eb gjer\u00eb t\u00eb pretenduar nga Mladenovi\u201d. Ajo shtoi se zbatimi i protokollit humanitar nga Izraeli sipas marr\u00ebveshjes s\u00eb arm\u00ebpushimit nuk ka tejkaluar 38 p\u00ebr qind t\u00eb asaj q\u00eb ishte r\u00ebn\u00eb dakord.<\/p>\n<p>\u201cShtremb\u00ebrimi i fakteve nuk mund ta fsheh\u00eb shkall\u00ebn e katastrof\u00ebs, as nuk e liron asnj\u00eb pal\u00eb nga p\u00ebrgjegj\u00ebsit\u00eb e saj ligjore dhe humanitare\u201d, tha deklarata duke k\u00ebrkuar nd\u00ebrhyrje nd\u00ebrkomb\u00ebtare p\u00ebr t\u00eb shp\u00ebtuar civil\u00ebt n\u00eb enklav\u00eb.<\/p>\n<p>Sipas zyr\u00ebs s\u00eb medias n\u00eb Gaza, protokolli humanitar i marr\u00ebveshjes s\u00eb arm\u00ebpushimit t\u00eb n\u00ebnshkruar n\u00eb tetor p\u00ebrcakton hyrjen e 600 kamion\u00ebve me ndihma n\u00eb enklav\u00eb \u00e7do dit\u00eb, p\u00ebrfshir\u00eb 50 kamion\u00eb me karburant.<\/p>\n<p>Forcat izraelite kan\u00eb kryer shkelje t\u00eb p\u00ebrditshme t\u00eb arm\u00ebpushimit n\u00eb fuqi q\u00eb nga 10 tetori 2025, t\u00eb cilat kan\u00eb vrar\u00eb 736 persona dhe kan\u00eb plagosur 2.035 palestinez\u00eb deri m\u00eb 18 mars, sipas t\u00eb dh\u00ebnave t\u00eb Ministris\u00eb s\u00eb Sh\u00ebndet\u00ebsis\u00eb s\u00eb Palestin\u00ebs.<\/p>\n<p>Izraeli nisi luft\u00eb n\u00eb Gaza n\u00eb tetor 2023, duke vrar\u00eb m\u00eb shum\u00eb se 72 mij\u00eb palestinez\u00eb, duke plagosur rreth 172 mij\u00eb t\u00eb tjer\u00eb dhe duke shkat\u00ebrruar rreth 90 p\u00ebr qind t\u00eb infrastruktur\u00ebs civile t\u00eb enklav\u00ebs.<\/p>\n<hr style=\"margin:30px 0\"\/>\n<p style=\"font-size:13px;color:#666\">Burimi: <strong>mesazhi<\/strong><\/p>\n","protected":false},"excerpt":{"rendered":"<p>Zyra e medias e qeveris\u00eb s\u00eb Gaz\u00ebs mohoi nj\u00eb pretendim nga i d\u00ebrguari i Bordit t\u00eb Paqes, Nicolay Mladenov se 602 kamion\u00eb me ndihma hyn\u00eb n\u00eb enklav\u00eb nj\u00eb dit\u00eb m\u00eb par\u00eb, duke th\u00ebn\u00eb se vet\u00ebm 207 kamion\u00eb kaluan n\u00eb Gaza, p\u00ebrfshir\u00eb 79 q\u00eb transportonin ndihm\u00eb humanitare, transmeton Anadolu. Mladenov, p\u00ebrfaq\u00ebsuesi i lart\u00eb i Bordit t\u00eb [&hellip;]<\/p>\n","protected":false},"author":1,"featured_media":105788,"comment_status":"open","ping_status":"open","sticky":false,"template":"","format":"standard","meta":{"footnotes":""},"categories":[24],"tags":[3803],"class_list":["post-105789","post","type-post","status-publish","format-standard","has-post-thumbnail","hentry","category-bote","tag-aktuale"],"_links":{"self":[{"href":"https:\/\/prizrenpost.com\/al\/wp-json\/wp\/v2\/posts\/105789","targetHints":{"allow":["GET"]}}],"collection":[{"href":"https:\/\/prizrenpost.com\/al\/wp-json\/wp\/v2\/posts"}],"about":[{"href":"https:\/\/prizrenpost.com\/al\/wp-json\/wp\/v2\/types\/post"}],"author":[{"embeddable":true,"href":"https:\/\/prizrenpost.com\/al\/wp-json\/wp\/v2\/users\/1"}],"replies":[{"embeddable":true,"href":"https:\/\/prizrenpost.com\/al\/wp-json\/wp\/v2\/comments?post=105789"}],"version-history":[{"count":0,"href":"https:\/\/prizrenpost.com\/al\/wp-json\/wp\/v2\/posts\/105789\/revisions"}],"wp:featuredmedia":[{"embeddable":true,"href":"https:\/\/prizrenpost.com\/al\/wp-json\/wp\/v2\/media\/105788"}],"wp:attachment":[{"href":"https:\/\/prizrenpost.com\/al\/wp-json\/wp\/v2\/media?parent=105789"}],"wp:term":[{"taxonomy":"category","embeddable":true,"href":"https:\/\/prizrenpost.com\/al\/wp-json\/wp\/v2\/categories?post=105789"},{"taxonomy":"post_tag","embeddable":true,"href":"https:\/\/prizrenpost.com\/al\/wp-json\/wp\/v2\/tags?post=105789"}],"curies":[{"name":"wp","href":"https:\/\/api.w.org\/{rel}","templated":true}]}}