{"id":105801,"date":"2026-04-10T15:45:13","date_gmt":"2026-04-10T12:45:13","guid":{"rendered":"https:\/\/prizrenpost.com\/al\/irani-nuk-merr-pjese-ne-bisedimet-e-paqes-me-shba-ne-derisa-te-ndalen-sulmet-ndaj-libanit\/"},"modified":"2026-04-10T15:45:13","modified_gmt":"2026-04-10T12:45:13","slug":"irani-nuk-merr-pjese-ne-bisedimet-e-paqes-me-shba-ne-derisa-te-ndalen-sulmet-ndaj-libanit","status":"publish","type":"post","link":"https:\/\/prizrenpost.com\/al\/irani-nuk-merr-pjese-ne-bisedimet-e-paqes-me-shba-ne-derisa-te-ndalen-sulmet-ndaj-libanit\/","title":{"rendered":"Irani nuk merr pjes\u00eb n\u00eb bisedimet e paqes me SHBA-n\u00eb derisa t\u00eb ndalen sulmet ndaj Libanit"},"content":{"rendered":"<figure class=\"post-featured-image\"><img decoding=\"async\" src=\"https:\/\/prizrenpost.com\/al\/wp-content\/uploads\/2026\/04\/thumbs_b_c_3b51723d46a6dc8beafafceae333201a.jpg\" alt=\"Irani nuk merr pjes\u00eb n\u00eb bisedimet e paqes me SHBA-n\u00eb derisa t\u00eb ndalen sulmet ndaj Libanit\"\/><\/figure>\n<p>Ekipi negociator iranian nuk ka mb\u00ebrritur n\u00eb kryeqytetin pakistanez, Islamabad, dhe nuk ka plane t\u00eb marr\u00eb pjes\u00eb n\u00eb bisedimet e paqes me SHBA-n\u00eb derisa Izraeli t\u00eb ndaloj\u00eb bombardimet n\u00eb Liban, raportoi Agjencia e Lajmeve Fars e Iranit, duke cituar nj\u00eb burim t\u00eb informuar, transmeton Anadolu.<\/p>\n<p>Agjencia e lajmeve mohoi raportet nga disa media amerikane se nj\u00eb delegacion negociator iranian ka mb\u00ebrritur n\u00eb Islamabad.<\/p>\n<p>Duke cituar burimin e paidentifikuar, agjencia pretendoi se Irani ka informuar zyrtarisht autoritetet pakistaneze se nuk do t\u00eb marr\u00eb pjes\u00eb n\u00eb bisedimet e paqes me SHBA-n\u00eb n\u00eb Islamabad derisa t\u00eb vendoset nj\u00eb arm\u00ebpushim n\u00eb Liban.<\/p>\n<p>\u201cWall Street Journal\u201d raportoi m\u00eb par\u00eb se nj\u00eb delegacion iranian ka mb\u00ebrritur n\u00eb Islamabad p\u00ebr t\u00eb filluar negociatat me Washingtonin.<\/p>\n<p>Z\u00ebdh\u00ebn\u00ebsi i Ministris\u00eb s\u00eb Jashtme iraniane, Esmaeil Baghaei deklaroi se \u00e7do bised\u00eb q\u00eb synon t\u2019i jap\u00eb fund luft\u00ebs midis Iranit, SHBA-s\u00eb dhe Izraelit do t\u00eb varej nga respektimi i angazhimeve t\u00eb arm\u00ebpushimit nga Washingtoni n\u00eb t\u00eb gjitha frontet, ve\u00e7an\u00ebrisht n\u00eb Liban.<\/p>\n<p>Zhvillimet e fundit erdh\u00ebn nd\u00ebrsa sulmet izraelite ndaj Libanit u intensifikuan pavar\u00ebsisht p\u00ebrpjekjeve t\u00eb vazhdueshme diplomatike t\u00eb lidhura me nj\u00eb arm\u00ebpushim dyjavor t\u00eb shpallur t\u00eb mart\u00ebn nga SHBA-ja dhe Irani dhe t\u00eb nd\u00ebrmjet\u00ebsuar nga Pakistani.<\/p>\n<p>Nd\u00ebrsa nd\u00ebrmjet\u00ebsit pakistanez\u00eb dhe Teherani than\u00eb se arm\u00ebpushimi mbulon edhe Libanin, Washingtoni dhe Tel Avivi e mohuan k\u00ebt\u00eb. Izraeli ka intensifikuar sulmet n\u00eb t\u00eb gjith\u00eb Libanin q\u00eb nga e m\u00ebrkura, duke vrar\u00eb t\u00eb pakt\u00ebn 303 persona dhe duke plagosur 1.150 t\u00eb tjer\u00eb, ka th\u00ebn\u00eb Mbrojtja Civile Libaneze.<\/p>\n<p>Ofensiva e zgjeruar izraelite n\u00eb Liban q\u00eb nga 2 marsi ka vrar\u00eb 1.888 persona dhe ka plagosur 6.092 t\u00eb tjer\u00eb, sipas Ministris\u00eb libaneze t\u00eb Sh\u00ebndet\u00ebsis\u00eb.<\/p>\n<hr style=\"margin:30px 0\"\/>\n<p style=\"font-size:13px;color:#666\">Burimi: <strong>mesazhi<\/strong><\/p>\n","protected":false},"excerpt":{"rendered":"<p>Ekipi negociator iranian nuk ka mb\u00ebrritur n\u00eb kryeqytetin pakistanez, Islamabad, dhe nuk ka plane t\u00eb marr\u00eb pjes\u00eb n\u00eb bisedimet e paqes me SHBA-n\u00eb derisa Izraeli t\u00eb ndaloj\u00eb bombardimet n\u00eb Liban, raportoi Agjencia e Lajmeve Fars e Iranit, duke cituar nj\u00eb burim t\u00eb informuar, transmeton Anadolu. Agjencia e lajmeve mohoi raportet nga disa media amerikane se [&hellip;]<\/p>\n","protected":false},"author":1,"featured_media":105800,"comment_status":"open","ping_status":"open","sticky":false,"template":"","format":"standard","meta":{"footnotes":""},"categories":[24],"tags":[3803],"class_list":["post-105801","post","type-post","status-publish","format-standard","has-post-thumbnail","hentry","category-bote","tag-aktuale"],"_links":{"self":[{"href":"https:\/\/prizrenpost.com\/al\/wp-json\/wp\/v2\/posts\/105801","targetHints":{"allow":["GET"]}}],"collection":[{"href":"https:\/\/prizrenpost.com\/al\/wp-json\/wp\/v2\/posts"}],"about":[{"href":"https:\/\/prizrenpost.com\/al\/wp-json\/wp\/v2\/types\/post"}],"author":[{"embeddable":true,"href":"https:\/\/prizrenpost.com\/al\/wp-json\/wp\/v2\/users\/1"}],"replies":[{"embeddable":true,"href":"https:\/\/prizrenpost.com\/al\/wp-json\/wp\/v2\/comments?post=105801"}],"version-history":[{"count":0,"href":"https:\/\/prizrenpost.com\/al\/wp-json\/wp\/v2\/posts\/105801\/revisions"}],"wp:featuredmedia":[{"embeddable":true,"href":"https:\/\/prizrenpost.com\/al\/wp-json\/wp\/v2\/media\/105800"}],"wp:attachment":[{"href":"https:\/\/prizrenpost.com\/al\/wp-json\/wp\/v2\/media?parent=105801"}],"wp:term":[{"taxonomy":"category","embeddable":true,"href":"https:\/\/prizrenpost.com\/al\/wp-json\/wp\/v2\/categories?post=105801"},{"taxonomy":"post_tag","embeddable":true,"href":"https:\/\/prizrenpost.com\/al\/wp-json\/wp\/v2\/tags?post=105801"}],"curies":[{"name":"wp","href":"https:\/\/api.w.org\/{rel}","templated":true}]}}