{"id":105806,"date":"2026-04-10T16:20:09","date_gmt":"2026-04-10T13:20:09","guid":{"rendered":"https:\/\/prizrenpost.com\/al\/kuvendi-miraton-rezoluten-e-pdk-se-per-te-verteten-e-luftes\/"},"modified":"2026-04-10T16:20:09","modified_gmt":"2026-04-10T13:20:09","slug":"kuvendi-miraton-rezoluten-e-pdk-se-per-te-verteten-e-luftes","status":"publish","type":"post","link":"https:\/\/prizrenpost.com\/al\/kuvendi-miraton-rezoluten-e-pdk-se-per-te-verteten-e-luftes\/","title":{"rendered":"Kuvendi miraton rezolut\u00ebn e PDK-s\u00eb p\u00ebr t\u00eb v\u00ebrtet\u00ebn e luft\u00ebs"},"content":{"rendered":"<figure class=\"post-featured-image\"><img decoding=\"async\" src=\"https:\/\/prizrenpost.com\/al\/wp-content\/uploads\/2026\/01\/prizrenpostog-og.jpg\" alt=\"Kuvendi miraton rezolut\u00ebn e PDK-s\u00eb p\u00ebr t\u00eb v\u00ebrtet\u00ebn e luft\u00ebs\"\/><\/figure>\n<p>Me 90 vota p\u00ebr, asnj\u00eb kund\u00ebr dhe asnj\u00eb abstenim, Kuvendi i Kosov\u00ebs ka miratuar rezolut\u00ebn e propozuar nga Partia Demokratike e Kosov\u00ebs, e cila synon mbrojtjen e viktimave dhe garantimin e s\u00eb v\u00ebrtet\u00ebs historike p\u00ebr luft\u00ebn e vitit 1998-1999.<\/p>\n<p>Rezoluta p\u00ebrfshin edhe nj\u00eb pik\u00eb p\u00ebr iniciimin e d\u00ebnimit t\u00eb personave q\u00eb mohojn\u00eb ose minimizojn\u00eb krimet e kryera nga forcat serbe gjat\u00eb konfliktit.<\/p>\n<p>Propozimi i saj erdhi pas nj\u00eb ekspozite n\u00eb sheshin e Prishtin\u00ebs, e cila prezantoi t\u00eb dh\u00ebna t\u00eb pasakta rreth masakrave n\u00eb Kosov\u00eb.<\/p>\n<hr style=\"margin:30px 0\"\/>\n<p style=\"font-size:13px;color:#666\">Burimi: <strong>mesazhi<\/strong><\/p>\n","protected":false},"excerpt":{"rendered":"<p>Me 90 vota p\u00ebr, asnj\u00eb kund\u00ebr dhe asnj\u00eb abstenim, Kuvendi i Kosov\u00ebs ka miratuar rezolut\u00ebn e propozuar nga Partia Demokratike e Kosov\u00ebs, e cila synon mbrojtjen e viktimave dhe garantimin e s\u00eb v\u00ebrtet\u00ebs historike p\u00ebr luft\u00ebn e vitit 1998-1999. Rezoluta p\u00ebrfshin edhe nj\u00eb pik\u00eb p\u00ebr iniciimin e d\u00ebnimit t\u00eb personave q\u00eb mohojn\u00eb ose minimizojn\u00eb krimet [&hellip;]<\/p>\n","protected":false},"author":1,"featured_media":94304,"comment_status":"open","ping_status":"open","sticky":false,"template":"","format":"standard","meta":{"footnotes":""},"categories":[14],"tags":[3803],"class_list":["post-105806","post","type-post","status-publish","format-standard","has-post-thumbnail","hentry","category-kombetare","tag-aktuale"],"_links":{"self":[{"href":"https:\/\/prizrenpost.com\/al\/wp-json\/wp\/v2\/posts\/105806","targetHints":{"allow":["GET"]}}],"collection":[{"href":"https:\/\/prizrenpost.com\/al\/wp-json\/wp\/v2\/posts"}],"about":[{"href":"https:\/\/prizrenpost.com\/al\/wp-json\/wp\/v2\/types\/post"}],"author":[{"embeddable":true,"href":"https:\/\/prizrenpost.com\/al\/wp-json\/wp\/v2\/users\/1"}],"replies":[{"embeddable":true,"href":"https:\/\/prizrenpost.com\/al\/wp-json\/wp\/v2\/comments?post=105806"}],"version-history":[{"count":0,"href":"https:\/\/prizrenpost.com\/al\/wp-json\/wp\/v2\/posts\/105806\/revisions"}],"wp:featuredmedia":[{"embeddable":true,"href":"https:\/\/prizrenpost.com\/al\/wp-json\/wp\/v2\/media\/94304"}],"wp:attachment":[{"href":"https:\/\/prizrenpost.com\/al\/wp-json\/wp\/v2\/media?parent=105806"}],"wp:term":[{"taxonomy":"category","embeddable":true,"href":"https:\/\/prizrenpost.com\/al\/wp-json\/wp\/v2\/categories?post=105806"},{"taxonomy":"post_tag","embeddable":true,"href":"https:\/\/prizrenpost.com\/al\/wp-json\/wp\/v2\/tags?post=105806"}],"curies":[{"name":"wp","href":"https:\/\/api.w.org\/{rel}","templated":true}]}}