{"id":105812,"date":"2026-04-10T16:35:10","date_gmt":"2026-04-10T13:35:10","guid":{"rendered":"https:\/\/prizrenpost.com\/al\/presidenti-iranian-vleresojme-qendrimin-e-turqise-ne-denimin-e-sulmeve-brutale-kunder-iranit\/"},"modified":"2026-04-10T16:35:10","modified_gmt":"2026-04-10T13:35:10","slug":"presidenti-iranian-vleresojme-qendrimin-e-turqise-ne-denimin-e-sulmeve-brutale-kunder-iranit","status":"publish","type":"post","link":"https:\/\/prizrenpost.com\/al\/presidenti-iranian-vleresojme-qendrimin-e-turqise-ne-denimin-e-sulmeve-brutale-kunder-iranit\/","title":{"rendered":"Presidenti iranian: Vler\u00ebsojm\u00eb q\u00ebndrimin e Turqis\u00eb n\u00eb d\u00ebnimin e sulmeve brutale kund\u00ebr Iranit"},"content":{"rendered":"<figure class=\"post-featured-image\"><img decoding=\"async\" src=\"https:\/\/prizrenpost.com\/al\/wp-content\/uploads\/2026\/04\/6720ba8d652cdae4730df83dd99f5f893ae152c263020abe9ec38a723234bf4d.jpg\" alt=\"Presidenti iranian: Vler\u00ebsojm\u00eb q\u00ebndrimin e Turqis\u00eb n\u00eb d\u00ebnimin e sulmeve brutale kund\u00ebr Iranit\"\/><\/figure>\n<p>Presidenti iranian Masoud Pezeshkian shprehu vler\u00ebsimin e Teheranit p\u00ebr \u201csolidaritetin mbres\u00ebl\u00ebn\u00ebs t\u00eb popullit turk me Iranin\u201d, tha sot Presidenca iraniane.<\/p>\n<p>\u201cNe e vler\u00ebsojm\u00eb q\u00ebndrimin e T\u00fcrkiyes n\u00eb d\u00ebnimin e sulmeve brutale kund\u00ebr Iranit dhe ve\u00e7an\u00ebrisht solidaritetin mbres\u00ebl\u00ebn\u00ebs t\u00eb popullit turk me Iranin\u201d, tha Pezeshkian gjat\u00eb nj\u00eb telefonate me presidentin turk Recep Tayyip Erdogan.<\/p>\n<p>Presidenti iranian shprehu gjithashtu mir\u00ebnjohje p\u00ebr \u201cdisa vende mike dhe fqinje\u201d, gjat\u00eb telefonat\u00ebs, shtoi deklarata. Gjat\u00eb diskutimit t\u00eb tyre, udh\u00ebheq\u00ebsit shk\u00ebmbyen pik\u00ebpamje mbi zgjidhjet p\u00ebr t\u2019i dh\u00ebn\u00eb fund luft\u00ebs.<\/p>\n<p>Marr\u00ebveshja e arm\u00ebpushimit e arritur midis Iranit dhe ShBA-s\u00eb, e cila p\u00ebrfshin edhe Izraelin, duhet t\u00eb mbuloj\u00eb t\u00eb gjitha frontet n\u00eb rajon, p\u00ebrfshir\u00eb Libanin, theksoi Pezeshkian.<\/p>\n<p>Ai i k\u00ebrkoi bashk\u00ebsis\u00eb nd\u00ebrkomb\u00ebtare dhe vendeve islamike t\u00eb ushtrojn\u00eb presion mbi Izraelin \u201cp\u00ebr t\u00eb ndaluar agresionin dhe krimet kund\u00ebr vendeve rajonale, ve\u00e7an\u00ebrisht Libanit\u201d.<\/p>\n<p>Irani pranoi arm\u00ebpushimin p\u00ebr t\u00eb ruajtur stabilitetin rajonal dhe p\u00ebr t\u00eb parandaluar zgjerimin e konflikteve tha Pezeshkian duke shtuar: \u201cVazhdimi i arm\u00ebpushimit varet nga p\u00ebrmbushja e v\u00ebrtet\u00eb e detyrimeve t\u00eb pal\u00ebs tjet\u00ebr\u201d.<\/p>\n<p>Telefonata u zhvillua pas armiq\u00ebsive t\u00eb nxehta n\u00eb rajon, t\u00eb nxitura nga sulmet e p\u00ebrbashk\u00ebta t\u00eb ShBA-s\u00eb dhe Izraelit ndaj Iranit q\u00eb filluan m\u00eb 28 shkurt, t\u00eb cilat lan\u00eb mij\u00ebra t\u00eb vdekur dhe t\u00eb plagosur.<\/p>\n<p>T\u00eb mart\u00ebn, Washingtoni dhe Teherani njoftuan arm\u00ebpushim dyjavor q\u00eb synon t\u00eb hap\u00eb rrug\u00ebn p\u00ebr nj\u00eb marr\u00ebveshje p\u00ebrfundimtare p\u00ebr t\u2019i dh\u00ebn\u00eb fund luft\u00ebs.<\/p>\n<hr style=\"margin:30px 0\"\/>\n<p style=\"font-size:13px;color:#666\">Burimi: <strong>mesazhi<\/strong><\/p>\n","protected":false},"excerpt":{"rendered":"<p>Presidenti iranian Masoud Pezeshkian shprehu vler\u00ebsimin e Teheranit p\u00ebr \u201csolidaritetin mbres\u00ebl\u00ebn\u00ebs t\u00eb popullit turk me Iranin\u201d, tha sot Presidenca iraniane. \u201cNe e vler\u00ebsojm\u00eb q\u00ebndrimin e T\u00fcrkiyes n\u00eb d\u00ebnimin e sulmeve brutale kund\u00ebr Iranit dhe ve\u00e7an\u00ebrisht solidaritetin mbres\u00ebl\u00ebn\u00ebs t\u00eb popullit turk me Iranin\u201d, tha Pezeshkian gjat\u00eb nj\u00eb telefonate me presidentin turk Recep Tayyip Erdogan. Presidenti iranian [&hellip;]<\/p>\n","protected":false},"author":1,"featured_media":105811,"comment_status":"open","ping_status":"open","sticky":false,"template":"","format":"standard","meta":{"footnotes":""},"categories":[24],"tags":[3803],"class_list":["post-105812","post","type-post","status-publish","format-standard","has-post-thumbnail","hentry","category-bote","tag-aktuale"],"_links":{"self":[{"href":"https:\/\/prizrenpost.com\/al\/wp-json\/wp\/v2\/posts\/105812","targetHints":{"allow":["GET"]}}],"collection":[{"href":"https:\/\/prizrenpost.com\/al\/wp-json\/wp\/v2\/posts"}],"about":[{"href":"https:\/\/prizrenpost.com\/al\/wp-json\/wp\/v2\/types\/post"}],"author":[{"embeddable":true,"href":"https:\/\/prizrenpost.com\/al\/wp-json\/wp\/v2\/users\/1"}],"replies":[{"embeddable":true,"href":"https:\/\/prizrenpost.com\/al\/wp-json\/wp\/v2\/comments?post=105812"}],"version-history":[{"count":0,"href":"https:\/\/prizrenpost.com\/al\/wp-json\/wp\/v2\/posts\/105812\/revisions"}],"wp:featuredmedia":[{"embeddable":true,"href":"https:\/\/prizrenpost.com\/al\/wp-json\/wp\/v2\/media\/105811"}],"wp:attachment":[{"href":"https:\/\/prizrenpost.com\/al\/wp-json\/wp\/v2\/media?parent=105812"}],"wp:term":[{"taxonomy":"category","embeddable":true,"href":"https:\/\/prizrenpost.com\/al\/wp-json\/wp\/v2\/categories?post=105812"},{"taxonomy":"post_tag","embeddable":true,"href":"https:\/\/prizrenpost.com\/al\/wp-json\/wp\/v2\/tags?post=105812"}],"curies":[{"name":"wp","href":"https:\/\/api.w.org\/{rel}","templated":true}]}}