{"id":105818,"date":"2026-04-10T17:25:13","date_gmt":"2026-04-10T14:25:13","guid":{"rendered":"https:\/\/prizrenpost.com\/al\/terbim-izraelit-nga-e-verteta-qe-tha-ky-minister-pakistanez\/"},"modified":"2026-04-10T17:25:13","modified_gmt":"2026-04-10T14:25:13","slug":"terbim-izraelit-nga-e-verteta-qe-tha-ky-minister-pakistanez","status":"publish","type":"post","link":"https:\/\/prizrenpost.com\/al\/terbim-izraelit-nga-e-verteta-qe-tha-ky-minister-pakistanez\/","title":{"rendered":"T\u00ebrbim izraelit nga e v\u00ebrteta q\u00eb tha ky minist\u00ebr pakistanez"},"content":{"rendered":"<figure class=\"post-featured-image\"><img decoding=\"async\" src=\"https:\/\/prizrenpost.com\/al\/wp-content\/uploads\/2026\/04\/Ministri-pakistanez-i-Mbrojtjes-Khavaja-Asif.jpg\" alt=\"T\u00ebrbim izraelit nga e v\u00ebrteta q\u00eb tha ky minist\u00ebr pakistanez\"\/><\/figure>\n<p>Nj\u00eb postim q\u00eb u fshi, por q\u00eb e dha mesazhin q\u00eb duhej t\u00eb jepej mbi shtetin m\u00eb belasjell\u00ebs n\u00eb histori<\/p>\n<p>Ministri pakistanez i Mbrojtjes Khavaja Asif shkaktoi nj\u00eb reagim t\u00eb fort\u00eb diplomatik pasi postoi nj\u00eb mesazh t\u00eb ashp\u00ebr n\u00eb rrjetin social X n\u00eb t\u00eb cilin e quajti Izraelin \u201ct\u00eb keq dhe nj\u00eb mallkim p\u00ebr njer\u00ebzimin\u201d. M\u00eb pas, me gjas\u00eb nga presione politike apo diplomatike, ky postim u fshi.<\/p>\n<p>Asif shkroi se \u201cnd\u00ebrsa bisedimet e paqes jan\u00eb duke u zhvilluar n\u00eb Islamabad, gjenocidi po kryhet n\u00eb Liban\u201d dhe akuzoi Izraelin p\u00ebr, si\u00e7 deklaroi ai, vrasjen e vazhdueshme t\u00eb civil\u00ebve n\u00eb Gaza, Iran dhe Liban. N\u00eb t\u00eb nj\u00ebjtin tekst, ai ngriti pretendime mbi krijimin e shtetit t\u00eb Izraelit, t\u00eb cilat u pasuan nga reagime t\u00eb ashpra izraelite.<\/p>\n<p>Zyrtar\u00eb izraelit\u00eb, t\u00eb cil\u00ebt than\u00eb se nj\u00eb retorik\u00eb e till\u00eb v\u00eb n\u00eb pik\u00ebpyetje besueshm\u00ebrin\u00eb e Pakistanit si nj\u00eb nd\u00ebrmjet\u00ebs i mundsh\u00ebm n\u00eb negociatat e paqes midis Shteteve t\u00eb Bashkuara dhe Iranit, t\u00eb cilat aktualisht po zhvillohen n\u00eb Islamabad.<\/p>\n<p>Zyra e kryeministrit izraelit Benjamin Netanyahu tha se kjo ishte nj\u00eb \u201cthirrje trondit\u00ebse p\u00ebr shkat\u00ebrrimin e Izraelit\u201d, dhe se deklarata t\u00eb tilla nuk jan\u00eb t\u00eb pranueshme nga asnj\u00eb qeveri, ve\u00e7an\u00ebrisht jo nga ajo q\u00eb paraqitet si nj\u00eb nd\u00ebrmjet\u00ebs neutral n\u00eb proceset e paqes.<\/p>\n<p>\u201cKjo nuk \u00ebsht\u00eb nj\u00eb deklarat\u00eb q\u00eb mund t\u00eb tolerohet nga asnj\u00eb qeveri, ve\u00e7an\u00ebrisht jo nga ajo q\u00eb pretendon t\u00eb jet\u00eb nj\u00eb nd\u00ebrmjet\u00ebs neutral p\u00ebr paqen\u201d, tha zyra e Netanyahut n\u00eb nj\u00eb deklarat\u00eb.<\/p>\n<p>Ministri i Jasht\u00ebm izraelit Gideon Sa\u2019ar reagoi gjithashtu ndaj deklaratave, duke th\u00ebn\u00eb se ato p\u00ebrfaq\u00ebsonin \u201cshpifje t\u00eb hapur antisemite\u201d dhe gjuh\u00eb t\u00eb papranueshme p\u00ebr nj\u00eb zyrtar nga nj\u00eb vend q\u00eb merr pjes\u00eb n\u00eb p\u00ebrpjekjet diplomatike.<\/p>\n<p>\u201cT\u00eb quash shtetin hebre \u2018kancerogjen\u2019 n\u00eb fakt \u00ebsht\u00eb thirrje p\u00ebr shkat\u00ebrrimin e tij\u201d, tha Sa\u2019ar, duke shtuar se Izraeli do t\u00eb vazhdoj\u00eb t\u00eb mbrohet kund\u00ebr atyre q\u00eb duan ta shkat\u00ebrrojn\u00eb at\u00eb.<\/p>\n<p>Por politikani i lart\u00eb pakistanez ka th\u00ebn\u00eb nj\u00eb t\u00eb v\u00ebrtet\u00eb; ai nuk tha se hebrenjt\u00eb jan\u00eb mallkim, ai tha q\u00eb shteti i Izraelit \u00ebsht\u00eb mallkim. Dhe kjo \u00ebsht\u00eb nj\u00eb e v\u00ebrtet\u00eb e qart\u00eb se \u00e7far\u00eb i ka ndodhur rajonit e m\u00eb tej q\u00ebkur u sajua ky shtet, i ngritur mbi padrejt\u00ebsi historike, politike e njer\u00ebzore bashk\u00eb. \/teshesh<\/p>\n<hr style=\"margin:30px 0\"\/>\n<p style=\"font-size:13px;color:#666\">Burimi: <strong>mesazhi<\/strong><\/p>\n","protected":false},"excerpt":{"rendered":"<p>Nj\u00eb postim q\u00eb u fshi, por q\u00eb e dha mesazhin q\u00eb duhej t\u00eb jepej mbi shtetin m\u00eb belasjell\u00ebs n\u00eb histori Ministri pakistanez i Mbrojtjes Khavaja Asif shkaktoi nj\u00eb reagim t\u00eb fort\u00eb diplomatik pasi postoi nj\u00eb mesazh t\u00eb ashp\u00ebr n\u00eb rrjetin social X n\u00eb t\u00eb cilin e quajti Izraelin \u201ct\u00eb keq dhe nj\u00eb mallkim p\u00ebr njer\u00ebzimin\u201d. [&hellip;]<\/p>\n","protected":false},"author":1,"featured_media":105817,"comment_status":"open","ping_status":"open","sticky":false,"template":"","format":"standard","meta":{"footnotes":""},"categories":[24],"tags":[3803],"class_list":["post-105818","post","type-post","status-publish","format-standard","has-post-thumbnail","hentry","category-bote","tag-aktuale"],"_links":{"self":[{"href":"https:\/\/prizrenpost.com\/al\/wp-json\/wp\/v2\/posts\/105818","targetHints":{"allow":["GET"]}}],"collection":[{"href":"https:\/\/prizrenpost.com\/al\/wp-json\/wp\/v2\/posts"}],"about":[{"href":"https:\/\/prizrenpost.com\/al\/wp-json\/wp\/v2\/types\/post"}],"author":[{"embeddable":true,"href":"https:\/\/prizrenpost.com\/al\/wp-json\/wp\/v2\/users\/1"}],"replies":[{"embeddable":true,"href":"https:\/\/prizrenpost.com\/al\/wp-json\/wp\/v2\/comments?post=105818"}],"version-history":[{"count":0,"href":"https:\/\/prizrenpost.com\/al\/wp-json\/wp\/v2\/posts\/105818\/revisions"}],"wp:featuredmedia":[{"embeddable":true,"href":"https:\/\/prizrenpost.com\/al\/wp-json\/wp\/v2\/media\/105817"}],"wp:attachment":[{"href":"https:\/\/prizrenpost.com\/al\/wp-json\/wp\/v2\/media?parent=105818"}],"wp:term":[{"taxonomy":"category","embeddable":true,"href":"https:\/\/prizrenpost.com\/al\/wp-json\/wp\/v2\/categories?post=105818"},{"taxonomy":"post_tag","embeddable":true,"href":"https:\/\/prizrenpost.com\/al\/wp-json\/wp\/v2\/tags?post=105818"}],"curies":[{"name":"wp","href":"https:\/\/api.w.org\/{rel}","templated":true}]}}