{"id":105826,"date":"2026-04-10T18:05:14","date_gmt":"2026-04-10T15:05:14","guid":{"rendered":"https:\/\/prizrenpost.com\/al\/presidenti-i-kubes-nuk-do-te-jap-doreheqje-pavaresisht-presionit-te-shba-se-2\/"},"modified":"2026-04-10T18:05:14","modified_gmt":"2026-04-10T15:05:14","slug":"presidenti-i-kubes-nuk-do-te-jap-doreheqje-pavaresisht-presionit-te-shba-se-2","status":"publish","type":"post","link":"https:\/\/prizrenpost.com\/al\/presidenti-i-kubes-nuk-do-te-jap-doreheqje-pavaresisht-presionit-te-shba-se-2\/","title":{"rendered":"Presidenti i Kub\u00ebs: Nuk do t\u00eb jap dor\u00ebheqje, pavar\u00ebsisht presionit t\u00eb SHBA-s\u00eb"},"content":{"rendered":"<figure class=\"post-featured-image\"><img decoding=\"async\" src=\"https:\/\/prizrenpost.com\/al\/wp-content\/uploads\/2026\/04\/thumbs_b_c_53c72f5a0697265d1f97cb5168ccc552-1.jpg\" alt=\"Presidenti i Kub\u00ebs: Nuk do t\u00eb jap dor\u00ebheqje, pavar\u00ebsisht presionit t\u00eb SHBA-s\u00eb\"\/><\/figure>\n<p>Duke hedhur posht\u00eb presionin n\u00eb rritje nga SHBA-ja, presidenti i Kub\u00ebs, Miguel Diaz-Canel tha se nuk do t\u00eb jap\u00eb dor\u00ebheqje nga detyra, duke pohuar se udh\u00ebheqja e vendit p\u00ebrcaktohet vet\u00ebm nga populli i tij, transmeton Anadolu.<\/p>\n<p>N\u00eb nj\u00eb intervist\u00eb p\u00ebr NBC News t\u00eb transmetuar t\u00eb enjten, Diaz-Canel hodhi posht\u00eb sugjerimet se ai duhet t\u00eb jap\u00eb dor\u00ebheqje p\u00ebr t\u00eb leht\u00ebsuar kriz\u00ebn e vendit, duke theksuar se Kuba \u00ebsht\u00eb shtet sovran i pavarur nga ndikimi i jasht\u00ebm.<\/p>\n<p>\u201cN\u00eb Kub\u00eb, njer\u00ebzit q\u00eb jan\u00eb n\u00eb pozicione udh\u00ebheq\u00ebse nuk zgjidhen nga qeveria amerikane\u201d, tha ai duke shtuar se \u201cdor\u00ebzimi nuk \u00ebsht\u00eb pjes\u00eb e fjalorit ton\u00eb\u201d.<\/p>\n<p>V\u00ebrejtjet vijn\u00eb nd\u00ebrsa administrata e Trumpit intensifikon presionin mbi Havan\u00ebn, me zyrtar\u00ebt q\u00eb b\u00ebjn\u00eb thirrje p\u00ebr ndryshime politike dhe ekonomike n\u00eb ishullin e drejtuar nga komunist\u00ebt.<\/p>\n<p>Nj\u00eb zyrtar i Sht\u00ebpis\u00eb s\u00eb Bardh\u00eb tha se Washingtoni beson se nj\u00eb marr\u00ebveshje me Kub\u00ebn mund t\u00eb arrihet, nd\u00ebrsa e p\u00ebrshkroi gjithashtu vendin si nj\u00eb \u201ckomb n\u00eb d\u00ebshtim\u201d.<\/p>\n<p>Sekretari i Shtetit t\u00eb SHBA-s\u00eb, Marco Rubio ka kritikuar sistemin ekonomik t\u00eb Kub\u00ebs, duke th\u00ebn\u00eb se ndryshimi dometh\u00ebn\u00ebs do t\u00eb k\u00ebrkonte nj\u00eb ndryshim n\u00eb udh\u00ebheqje dhe qeverisje.<\/p>\n<p>\u201cKuban\u00ebt mund t\u00eb jen\u00eb t\u00eb suksessh\u00ebm vet\u00ebm n\u00ebse largohen nga vendi\u201d, tha Rubio.<\/p>\n<p>Diaz-Canel kund\u00ebrshtoi, duke v\u00ebn\u00eb n\u00eb pik\u00ebpyetje n\u00ebse k\u00ebrkesa t\u00eb ngjashme do t\u2019u drejtoheshin udh\u00ebheq\u00ebsve amerikan\u00eb dhe duke akuzuar Washingtonin se po p\u00ebrpiqet t\u00eb ndikoj\u00eb n\u00eb pun\u00ebt e brendshme t\u00eb Kub\u00ebs.<\/p>\n<p>Kuba \u00ebsht\u00eb p\u00ebrballur me nj\u00eb kriz\u00eb t\u00eb zgjatur ekonomike t\u00eb sh\u00ebnuar nga mungesa e karburantit, nd\u00ebrprerje t\u00eb vazhdueshme t\u00eb energjis\u00eb dhe qasje t\u00eb kufizuar n\u00eb ushqim dhe ila\u00e7e. Zyrtar\u00ebt kuban\u00eb ia atribuojn\u00eb pjes\u00ebn m\u00eb t\u00eb madhe t\u00eb v\u00ebshtir\u00ebsive sanksioneve t\u00eb SHBA-s\u00eb p\u00ebr dekada t\u00eb t\u00ebra, nd\u00ebrsa zyrtar\u00ebt amerikan\u00eb argumentojn\u00eb se \u00e7\u00ebshtjet strukturore ekonomike jan\u00eb fajtore.<\/p>\n<p>Zhvillimet e fundit e kan\u00eb tensionuar m\u00eb tej situat\u00ebn, p\u00ebrfshir\u00eb uljen e d\u00ebrgesave t\u00eb naft\u00ebs nga Venezuela dhe nd\u00ebrprerjet e vazhdueshme t\u00eb furnizimit, duke kontribuar n\u00eb nd\u00ebrprerjet e energjis\u00eb n\u00eb t\u00eb gjith\u00eb vendin.<\/p>\n<p>Pavar\u00ebsisht tensioneve, t\u00eb dyja pal\u00ebt kan\u00eb pranuar kontaktin e kufizuar. Z\u00ebvend\u00ebsministri i jasht\u00ebm i Kub\u00ebs tha se diskutimet p\u00ebr leht\u00ebsimin e tensioneve mbeten n\u00eb nj\u00eb faz\u00eb \u201cshum\u00eb paraprake\u201d.<\/p>\n<p>Presidenti i SHBA-s\u00eb, Donald Trump tha m\u00eb 29 mars se \u201cKuba \u00ebsht\u00eb e radh\u00ebs pas operacionit ushtarak kund\u00ebr Iranit\u201d, duke shtuar se \u201ckombi ishullor i Karaibeve do t\u00eb d\u00ebshtoj\u00eb s\u00eb shpejti\u201d.<\/p>\n<hr style=\"margin:30px 0\"\/>\n<p style=\"font-size:13px;color:#666\">Burimi: <strong>mesazhi<\/strong><\/p>\n","protected":false},"excerpt":{"rendered":"<p>Duke hedhur posht\u00eb presionin n\u00eb rritje nga SHBA-ja, presidenti i Kub\u00ebs, Miguel Diaz-Canel tha se nuk do t\u00eb jap\u00eb dor\u00ebheqje nga detyra, duke pohuar se udh\u00ebheqja e vendit p\u00ebrcaktohet vet\u00ebm nga populli i tij, transmeton Anadolu. N\u00eb nj\u00eb intervist\u00eb p\u00ebr NBC News t\u00eb transmetuar t\u00eb enjten, Diaz-Canel hodhi posht\u00eb sugjerimet se ai duhet t\u00eb jap\u00eb [&hellip;]<\/p>\n","protected":false},"author":1,"featured_media":105825,"comment_status":"open","ping_status":"open","sticky":false,"template":"","format":"standard","meta":{"footnotes":""},"categories":[24],"tags":[3803],"class_list":["post-105826","post","type-post","status-publish","format-standard","has-post-thumbnail","hentry","category-bote","tag-aktuale"],"_links":{"self":[{"href":"https:\/\/prizrenpost.com\/al\/wp-json\/wp\/v2\/posts\/105826","targetHints":{"allow":["GET"]}}],"collection":[{"href":"https:\/\/prizrenpost.com\/al\/wp-json\/wp\/v2\/posts"}],"about":[{"href":"https:\/\/prizrenpost.com\/al\/wp-json\/wp\/v2\/types\/post"}],"author":[{"embeddable":true,"href":"https:\/\/prizrenpost.com\/al\/wp-json\/wp\/v2\/users\/1"}],"replies":[{"embeddable":true,"href":"https:\/\/prizrenpost.com\/al\/wp-json\/wp\/v2\/comments?post=105826"}],"version-history":[{"count":0,"href":"https:\/\/prizrenpost.com\/al\/wp-json\/wp\/v2\/posts\/105826\/revisions"}],"wp:featuredmedia":[{"embeddable":true,"href":"https:\/\/prizrenpost.com\/al\/wp-json\/wp\/v2\/media\/105825"}],"wp:attachment":[{"href":"https:\/\/prizrenpost.com\/al\/wp-json\/wp\/v2\/media?parent=105826"}],"wp:term":[{"taxonomy":"category","embeddable":true,"href":"https:\/\/prizrenpost.com\/al\/wp-json\/wp\/v2\/categories?post=105826"},{"taxonomy":"post_tag","embeddable":true,"href":"https:\/\/prizrenpost.com\/al\/wp-json\/wp\/v2\/tags?post=105826"}],"curies":[{"name":"wp","href":"https:\/\/api.w.org\/{rel}","templated":true}]}}