{"id":106072,"date":"2026-04-12T11:55:11","date_gmt":"2026-04-12T08:55:11","guid":{"rendered":"https:\/\/prizrenpost.com\/al\/ben-gvir-dhe-kolonet-hyjne-ne-xhamine-al-aksa-nen-masa-te-rrepta-sigurie\/"},"modified":"2026-04-12T11:55:11","modified_gmt":"2026-04-12T08:55:11","slug":"ben-gvir-dhe-kolonet-hyjne-ne-xhamine-al-aksa-nen-masa-te-rrepta-sigurie","status":"publish","type":"post","link":"https:\/\/prizrenpost.com\/al\/ben-gvir-dhe-kolonet-hyjne-ne-xhamine-al-aksa-nen-masa-te-rrepta-sigurie\/","title":{"rendered":"Ben Gvir dhe kolon\u00ebt hyjn\u00eb n\u00eb Xhamin\u00eb Al-Aksa n\u00ebn masa t\u00eb rrepta sigurie"},"content":{"rendered":"<figure class=\"post-featured-image\"><img decoding=\"async\" src=\"https:\/\/prizrenpost.com\/al\/wp-content\/uploads\/2026\/04\/D8A8D986-D8BAD981D98AD8B1.jpg-5a367c49-498a-4971-871c-59adae61566d.jpg\" alt=\"Ben Gvir dhe kolon\u00ebt hyjn\u00eb n\u00eb Xhamin\u00eb Al-Aksa n\u00ebn masa t\u00eb rrepta sigurie\"\/><\/figure>\n<p>Ministri izraelit i Siguris\u00eb Komb\u00ebtare, Itamar Ben-Gvir, ka hyr\u00eb m\u00ebngjesin e s\u00eb diel\u00ebs n\u00eb Xhamin\u00eb Al-Aksa, i shoq\u00ebruar nga nj\u00eb grup kolon\u00ebsh, n\u00ebn mbrojtje t\u00eb fort\u00eb t\u00eb forcave izraelite.<\/p>\n<p>Sipas burimeve lokale, gjat\u00eb hyrjes, disa kolon\u00eb kan\u00eb kryer rite fetare brenda oborrit t\u00eb xhamis\u00eb, veprim q\u00eb konsiderohet provokues dhe pjes\u00eb e p\u00ebrpjekjeve p\u00ebr t\u00eb ndryshuar statusin aktual t\u00eb vendit t\u00eb shenjt\u00eb.<\/p>\n<p>Autoritetet lokale n\u00eb Jerusalem kan\u00eb deklaruar se ky veprim vjen n\u00eb nj\u00eb koh\u00eb t\u00eb rritjes s\u00eb shkeljeve ndaj vendeve t\u00eb shenjta islame dhe t\u00eb krishtera, si dhe vazhdimit t\u00eb kufizimeve p\u00ebr hyrjen e besimtar\u00ebve n\u00eb kompleksin e Al-Aks\u00ebs.<\/p>\n<p>Ngjarja pritet t\u00eb rris\u00eb m\u00eb tej tensionet n\u00eb qytetin e shenjt\u00eb dhe n\u00eb rajon. \/mesazhi<\/p>\n<hr style=\"margin:30px 0\"\/>\n<p style=\"font-size:13px;color:#666\">Burimi: <strong>mesazhi<\/strong><\/p>\n","protected":false},"excerpt":{"rendered":"<p>Ministri izraelit i Siguris\u00eb Komb\u00ebtare, Itamar Ben-Gvir, ka hyr\u00eb m\u00ebngjesin e s\u00eb diel\u00ebs n\u00eb Xhamin\u00eb Al-Aksa, i shoq\u00ebruar nga nj\u00eb grup kolon\u00ebsh, n\u00ebn mbrojtje t\u00eb fort\u00eb t\u00eb forcave izraelite. Sipas burimeve lokale, gjat\u00eb hyrjes, disa kolon\u00eb kan\u00eb kryer rite fetare brenda oborrit t\u00eb xhamis\u00eb, veprim q\u00eb konsiderohet provokues dhe pjes\u00eb e p\u00ebrpjekjeve p\u00ebr t\u00eb ndryshuar [&hellip;]<\/p>\n","protected":false},"author":1,"featured_media":0,"comment_status":"open","ping_status":"open","sticky":false,"template":"","format":"standard","meta":{"footnotes":""},"categories":[24],"tags":[],"class_list":["post-106072","post","type-post","status-publish","format-standard","hentry","category-bote"],"_links":{"self":[{"href":"https:\/\/prizrenpost.com\/al\/wp-json\/wp\/v2\/posts\/106072","targetHints":{"allow":["GET"]}}],"collection":[{"href":"https:\/\/prizrenpost.com\/al\/wp-json\/wp\/v2\/posts"}],"about":[{"href":"https:\/\/prizrenpost.com\/al\/wp-json\/wp\/v2\/types\/post"}],"author":[{"embeddable":true,"href":"https:\/\/prizrenpost.com\/al\/wp-json\/wp\/v2\/users\/1"}],"replies":[{"embeddable":true,"href":"https:\/\/prizrenpost.com\/al\/wp-json\/wp\/v2\/comments?post=106072"}],"version-history":[{"count":0,"href":"https:\/\/prizrenpost.com\/al\/wp-json\/wp\/v2\/posts\/106072\/revisions"}],"wp:attachment":[{"href":"https:\/\/prizrenpost.com\/al\/wp-json\/wp\/v2\/media?parent=106072"}],"wp:term":[{"taxonomy":"category","embeddable":true,"href":"https:\/\/prizrenpost.com\/al\/wp-json\/wp\/v2\/categories?post=106072"},{"taxonomy":"post_tag","embeddable":true,"href":"https:\/\/prizrenpost.com\/al\/wp-json\/wp\/v2\/tags?post=106072"}],"curies":[{"name":"wp","href":"https:\/\/api.w.org\/{rel}","templated":true}]}}