{"id":106076,"date":"2026-04-12T12:20:17","date_gmt":"2026-04-12T09:20:17","guid":{"rendered":"https:\/\/prizrenpost.com\/al\/48-vjecari-gjendet-pa-shenja-jete-ne-mitrovice\/"},"modified":"2026-04-12T12:20:17","modified_gmt":"2026-04-12T09:20:17","slug":"48-vjecari-gjendet-pa-shenja-jete-ne-mitrovice","status":"publish","type":"post","link":"https:\/\/prizrenpost.com\/al\/48-vjecari-gjendet-pa-shenja-jete-ne-mitrovice\/","title":{"rendered":"48 vje\u00e7ari gjendet pa shenja jete n\u00eb Mitrovic\u00eb"},"content":{"rendered":"<figure class=\"post-featured-image\"><img decoding=\"async\" src=\"https:\/\/prizrenpost.com\/al\/wp-content\/uploads\/2026\/04\/policia-e-kosoves-3-6.jpg\" alt=\"48 vje\u00e7ari gjendet pa shenja jete n\u00eb Mitrovic\u00eb\"\/><\/figure>\n<p>Nj\u00eb 48 vje\u00e7ar \u00ebsht\u00eb gjetur pa shenja jete n\u00eb or\u00ebt e para t\u00eb dit\u00ebs n\u00eb rrug\u00ebn &#8220;Ali Zeneli&#8221; n\u00eb Mitrovic\u00ebn e Jugut.<\/p>\n<p>Rreth ngjarjes s\u00eb r\u00ebnd\u00eb p\u00ebr Klankosova.tv u deklarua z\u00ebdh\u00ebn\u00ebsi rajonal i Policis\u00eb Avni Zaiti.<\/p>\n<p>Zaiti tha se trupi i pajet\u00eb i viktim\u00ebs \u00ebsht\u00eb d\u00ebrguar p\u00ebr obduksion, derisa rasti po hetohet si &#8220;Hetim mbi vdekjen&#8221;.<\/p>\n<p>&#8220;Sot, rreth or\u00ebs 05:30, Policia ne Mitrovic\u00eb ka pranuar informat\u00ebn se n\u00eb rrugen ,,Ali Zeneli&#8221; \u00ebsht\u00eb gjetur pa shenja jete viktima i gjinis\u00eb mashkullore, rreth 48 vje\u00e7ar. Nj\u00ebsitet p\u00ebrkat\u00ebse policore kan\u00eb dal\u00eb menj\u00ebher\u00eb n\u00eb vendin e ngjarjes, ku kan\u00eb nd\u00ebrmarr\u00eb veprimet e nevojshme hetimore. Me urdh\u00ebr t\u00eb prokurorit kompetent, trupi i pajet\u00eb i viktim\u00ebs \u00ebsht\u00eb d\u00ebrguar p\u00ebr obduksion n\u00eb Institutin e Mjek\u00ebsis\u00eb Ligjore. Rasti \u00ebsht\u00eb iniciuar si \u201cHetim mbi vdekjen\u201d dhe hetimet jan\u00eb duke vazhduar&#8221;, deklaroi Zaiti p\u00ebr Klankosova.tv.<\/p>\n<hr style=\"margin:30px 0\"\/>\n<p style=\"font-size:13px;color:#666\">Burimi: <strong>klankosova<\/strong><\/p>\n","protected":false},"excerpt":{"rendered":"<p>Nj\u00eb 48 vje\u00e7ar \u00ebsht\u00eb gjetur pa shenja jete n\u00eb or\u00ebt e para t\u00eb dit\u00ebs n\u00eb rrug\u00ebn &#8220;Ali Zeneli&#8221; n\u00eb Mitrovic\u00ebn e Jugut. Rreth ngjarjes s\u00eb r\u00ebnd\u00eb p\u00ebr Klankosova.tv u deklarua z\u00ebdh\u00ebn\u00ebsi rajonal i Policis\u00eb Avni Zaiti. Zaiti tha se trupi i pajet\u00eb i viktim\u00ebs \u00ebsht\u00eb d\u00ebrguar p\u00ebr obduksion, derisa rasti po hetohet si &#8220;Hetim mbi [&hellip;]<\/p>\n","protected":false},"author":1,"featured_media":106075,"comment_status":"open","ping_status":"open","sticky":false,"template":"","format":"standard","meta":{"footnotes":""},"categories":[17],"tags":[],"class_list":["post-106076","post","type-post","status-publish","format-standard","has-post-thumbnail","hentry","category-kronike"],"_links":{"self":[{"href":"https:\/\/prizrenpost.com\/al\/wp-json\/wp\/v2\/posts\/106076","targetHints":{"allow":["GET"]}}],"collection":[{"href":"https:\/\/prizrenpost.com\/al\/wp-json\/wp\/v2\/posts"}],"about":[{"href":"https:\/\/prizrenpost.com\/al\/wp-json\/wp\/v2\/types\/post"}],"author":[{"embeddable":true,"href":"https:\/\/prizrenpost.com\/al\/wp-json\/wp\/v2\/users\/1"}],"replies":[{"embeddable":true,"href":"https:\/\/prizrenpost.com\/al\/wp-json\/wp\/v2\/comments?post=106076"}],"version-history":[{"count":0,"href":"https:\/\/prizrenpost.com\/al\/wp-json\/wp\/v2\/posts\/106076\/revisions"}],"wp:featuredmedia":[{"embeddable":true,"href":"https:\/\/prizrenpost.com\/al\/wp-json\/wp\/v2\/media\/106075"}],"wp:attachment":[{"href":"https:\/\/prizrenpost.com\/al\/wp-json\/wp\/v2\/media?parent=106076"}],"wp:term":[{"taxonomy":"category","embeddable":true,"href":"https:\/\/prizrenpost.com\/al\/wp-json\/wp\/v2\/categories?post=106076"},{"taxonomy":"post_tag","embeddable":true,"href":"https:\/\/prizrenpost.com\/al\/wp-json\/wp\/v2\/tags?post=106076"}],"curies":[{"name":"wp","href":"https:\/\/api.w.org\/{rel}","templated":true}]}}