{"id":106080,"date":"2026-04-12T12:55:11","date_gmt":"2026-04-12T09:55:11","guid":{"rendered":"https:\/\/prizrenpost.com\/al\/nje-kishe-ne-liban-tregon-solidaritet-duke-hapur-dyert-per-myslimanet-e-zhvendosur-nga-sulmet-izraelite\/"},"modified":"2026-04-12T12:55:11","modified_gmt":"2026-04-12T09:55:11","slug":"nje-kishe-ne-liban-tregon-solidaritet-duke-hapur-dyert-per-myslimanet-e-zhvendosur-nga-sulmet-izraelite","status":"publish","type":"post","link":"https:\/\/prizrenpost.com\/al\/nje-kishe-ne-liban-tregon-solidaritet-duke-hapur-dyert-per-myslimanet-e-zhvendosur-nga-sulmet-izraelite\/","title":{"rendered":"Nj\u00eb kish\u00eb n\u00eb Liban tregon solidaritet duke hapur dyert p\u00ebr mysliman\u00ebt e zhvendosur nga sulmet izraelite"},"content":{"rendered":"<figure class=\"post-featured-image\"><img decoding=\"async\" src=\"https:\/\/prizrenpost.com\/al\/wp-content\/uploads\/2026\/04\/fa80e61472f739aeb04d6567b0ba91f0.jpg\" alt=\"Nj\u00eb kish\u00eb n\u00eb Liban tregon solidaritet duke hapur dyert p\u00ebr mysliman\u00ebt e zhvendosur nga sulmet izraelite\"\/><\/figure>\n<p>Kisha e Sh\u00ebn Batrusit n\u00eb Jizzin, nj\u00eb vendbanimin n\u00eb provinc\u00ebn Sidon n\u00eb Libanin jugor, po pret af\u00ebrsisht 40 mysliman\u00eb libanez\u00eb t\u00eb zhvendosur nga sulmet izraelite, raporton Anadolu.<\/p>\n<p>Q\u00eb nga 2 marsi, sulmet izraelite ndaj Libanit kan\u00eb vrar\u00eb af\u00ebrsisht 1.500 njer\u00ebz dhe kan\u00eb zhvendosur mbi 1.162.000.<\/p>\n<p>N\u00eb Liban, nj\u00eb vend me nj\u00eb struktur\u00eb t\u00eb larmishme fetare dhe etnike, mysliman\u00ebt n\u00eb jug jan\u00eb prekur m\u00eb shum\u00eb nga sulmet.<\/p>\n<p>Shum\u00eb libanez\u00eb jan\u00eb detyruar t\u00eb l\u00ebn\u00eb sht\u00ebpit\u00eb, mjetet e jetes\u00ebs dhe tokat e tyre, duke migruar n\u00eb qytete t\u00eb tjera, nd\u00ebrsa t\u00eb tjer\u00eb po p\u00ebrpiqen t\u00eb mbijetojn\u00eb me t\u00eb af\u00ebrmit, n\u00eb shkolla ose n\u00eb tenda.<\/p>\n<p>Kisha e Sh\u00ebn Batrusit n\u00eb Jizzin ka hapur dyert e saj p\u00ebr af\u00ebrsisht 40 mysliman\u00eb t\u00eb zhvendosur, duke demonstruar nj\u00eb shembull t\u00eb jasht\u00ebzakonsh\u00ebm solidariteti.<\/p>\n<p>Ati Batrus Akuri, duke folur me Anadolu pas sh\u00ebrbes\u00ebs s\u00eb Pashk\u00ebve, shprehu shpres\u00ebn e tij p\u00ebr t\u00eb p\u00ebrfunduar lufta n\u00eb Liban dhe q\u00eb vendi t\u00eb ngrihet p\u00ebrs\u00ebri.<\/p>\n<p>\u201cMe vullnetin e Zotit, kjo do t\u00eb jet\u00eb lufta e fundit p\u00ebr Libanin dhe do t\u00eb jet\u00eb nj\u00eb katalizator p\u00ebr t\u00eb gjith\u00eb vendin q\u00eb t\u00eb ngrihet p\u00ebrs\u00ebri. Mjaft me k\u00ebt\u00eb luft\u00eb, k\u00ebt\u00eb shtypje, k\u00ebt\u00eb shkat\u00ebrrim. Ne i shohim njer\u00ebzit tan\u00eb duke vuajtur, t\u00eb rinjt\u00eb tan\u00eb duke vdekur n\u00eb rrug\u00eb. \u00cbsht\u00eb p\u00ebr t\u00eb ardhur keq p\u00ebr Libanin, mjaft \u00ebsht\u00eb mjaft. Pes\u00ebdhjet\u00eb vjet luft\u00eb e vazhdueshme, \u00ebsht\u00eb koha q\u00eb t\u00eb jetojm\u00eb n\u00eb paqe\u201d, tha Akuri.<\/p>\n<p>Lidhur me personat e zhvendosur q\u00eb kan\u00eb gjetur strehim n\u00eb kish\u00eb, ai tha: \u201cAta nuk jan\u00eb refugjat\u00eb, ata jan\u00eb mysafir\u00ebt tan\u00eb libanez\u00eb t\u00eb nj\u00eb feje tjet\u00ebr\u201d.<\/p>\n<p>\u201cKy \u00ebsht\u00eb mesazhi i v\u00ebrtet\u00eb i Libanit. Burimi nga i cili pini uj\u00eb nuk pyet p\u00ebr fen\u00eb, ngjyr\u00ebn apo komb\u00ebsin\u00eb tuaj. Kur hap\u00ebm dyert e manastirit, i hap\u00ebm ato p\u00ebr t\u00eb gjith\u00eb libanez\u00ebt, pavar\u00ebsisht nga pik\u00ebpamjet e tyre politike ose feja. Mund t\u00eb kemi mendime t\u00eb ndryshme p\u00ebr politik\u00ebn ose shum\u00eb \u00e7\u00ebshtje t\u00eb tjera, por absolutisht nuk jemi t\u00eb ndrysh\u00ebm n\u00eb humanitetin ton\u00eb dhe n\u00eb t\u00eb qenit libanez\u00eb\u201d, tha ai.<\/p>\n<p>Akuri deklaroi se 39 mysliman\u00eb po q\u00ebndrojn\u00eb n\u00eb kish\u00eb, duke shtuar: \u201cNe i kemi pritur ata k\u00ebtu q\u00eb nga dita e par\u00eb e luft\u00ebs, 2 mars. Ata po q\u00ebndrojn\u00eb me ne dhe ne po ndajm\u00eb g\u00ebzim dhe paqe s\u00eb bashku. Shpresoj se mund ta arrijm\u00eb k\u00ebt\u00eb dhe t\u00eb japim nj\u00eb shembull t\u00eb mir\u00eb p\u00ebr brezat e ardhsh\u00ebm. N\u00eb k\u00ebt\u00eb m\u00ebnyr\u00eb, do t\u00eb provojm\u00eb se mund t\u00eb jetojm\u00eb s\u00eb bashku pavar\u00ebsisht dallimeve tona\u201d.<\/p>\n<p>Akuri, i cili jeton n\u00eb nj\u00eb zon\u00eb af\u00ebr vendit ku sulmet izraelite jan\u00eb intensifikuar, tha: \u201cPopulli libanez \u00ebsht\u00eb b\u00ebr\u00eb imun ndaj gjith\u00e7kaje. Jemi t\u00eb befasuar n\u00ebse nuk d\u00ebgjojm\u00eb zhurm\u00ebn e aeroplan\u00ebve p\u00ebr nj\u00eb dit\u00eb\u201d.<\/p>\n<p>Darin Izzeddin, nj\u00eb grua libaneze q\u00eb tha se vinte nga Deir Qanun en-Nehr, i p\u00ebrshkroi p\u00ebrvojat e saj si m\u00eb posht\u00eb:<\/p>\n<p>\u201cJemi t\u00eb lodhur nga luft\u00ebrat, jemi v\u00ebrtet t\u00eb rraskapitur. Jemi t\u00eb lodhur duke u detyruar t\u00eb migrojm\u00eb, duke u shtyr\u00eb nga nj\u00eb vend n\u00eb tjetrin. Faleminderit prej tyre, ata na siguruan gjith\u00e7ka k\u00ebtu, nuk na mungon asgj\u00eb, jemi paq\u00ebsor\u00eb dhe situata jon\u00eb \u00ebsht\u00eb shum\u00eb m\u00eb e mir\u00eb se shum\u00eb t\u00eb tjer\u00ebve, Elhamdulilah. Por njeriu d\u00ebshiron sht\u00ebpin\u00eb e tij, jet\u00ebn e tij, pun\u00ebn e tij. Ne kemi qen\u00eb n\u00eb k\u00ebt\u00eb situat\u00eb p\u00ebr dy ose tre vjet, duke shkuar vazhdimisht para dhe mbrapa\u201d.<\/p>\n<p>Lidhur me q\u00ebndrimin e tyre n\u00eb kish\u00eb, Izzeddin tha: \u201cKy \u00ebsht\u00eb nj\u00eb shembull i v\u00ebrtet\u00eb i njer\u00ebzimit. \u00cbsht\u00eb sikur t\u00eb jemi n\u00eb sht\u00ebpin\u00eb ton\u00eb. Ata na u afruan jo si refugjat\u00eb, por duke na th\u00ebn\u00eb: \u2018Kjo \u00ebsht\u00eb sht\u00ebpia juaj.\u2019\u201d<\/p>\n<p>Mohammed Muennis, duke p\u00ebrshkruar nat\u00ebn kur filluan sulmet, tha se ata u larguan nga zona n\u00eb nj\u00eb panik t\u00eb madh.<\/p>\n<p>Muennis tha: \u201cNe ishim duke fjetur kur, rreth or\u00ebs 1 t\u00eb m\u00ebngjesit, e gjith\u00eb zona u zgjua nga nj\u00eb zhurm\u00eb e fort\u00eb. F\u00ebmij\u00ebt po qanin; kishte zhurma shp\u00ebrthimesh, t\u00eb sht\u00ebnash me arm\u00eb dhe p\u00ebrleshje kudo. Si t\u00eb gjith\u00eb t\u00eb tjer\u00ebt, ne mblodh\u00ebm me nxitim sendet tona dhe u nis\u00ebm drejt Sidonit\u201d.<\/p>\n<p>Duke shprehur se ata u detyruan t\u00eb linin sht\u00ebpit\u00eb e tyre dhe vendin ku jetonin, Muennis vazhdoi: \u201cNa u desh deri n\u00eb or\u00ebn 15:00 t\u00eb pasdites p\u00ebr t\u00eb arritur n\u00eb Sidon, me f\u00ebmij\u00ebt q\u00eb qanin dhe t\u00eb mbushur me frik\u00eb. Gjat\u00eb rrug\u00ebs, k\u00ebrkuam nj\u00eb vend p\u00ebr t\u00eb q\u00ebndruar, duke kontaktuar miq dhe t\u00eb njohur. Situata ishte shum\u00eb e v\u00ebshtir\u00eb. T\u00eb gjith\u00eb ata me t\u00eb cil\u00ebt fol\u00ebm k\u00ebrkuan \u00e7mime t\u00eb tepruara p\u00ebr akomodim\u201d.<\/p>\n<p>Muennis shpjegoi se motra e gruas s\u00eb tij njihte nj\u00eb prift dhe, n\u00ebp\u00ebrmjet k\u00ebsaj lidhjeje, ata arrit\u00ebn t\u00eb arrinin n\u00eb Jizzin pasi kap\u00ebrcyen v\u00ebshtir\u00ebsi t\u00eb m\u00ebdha.<\/p>\n<p>Duke v\u00ebn\u00eb re trajtimin mikprit\u00ebs q\u00eb mor\u00ebn n\u00eb kish\u00eb, Muennis iu drejtua t\u00eb gjitha grupeve politike dhe fetare n\u00eb Liban, duke b\u00ebr\u00eb thirrje p\u00ebr unitet bazuar n\u00eb parimin e t\u00eb qenit libanez\u00eb.<\/p>\n<p>Lilian Hamdan, libaneze, gjithashtu deklaroi se ata jetonin n\u00ebn zhurm\u00ebn e vazhdueshme t\u00eb aeroplan\u00ebve edhe para sulmeve, duke th\u00ebn\u00eb: \u201cP\u00ebr ne, nuk pati kurr\u00eb nj\u00eb moment pa luft\u00eb. Edhe pasi u tha se lufta kishte mbaruar, sulmet dhe zhurma e aeroplan\u00ebve vazhduan; me fjal\u00eb t\u00eb tjera, ne kurr\u00eb nuk p\u00ebrjetuam v\u00ebrtet nj\u00eb gjendje paqeje\u201d.<\/p>\n<p>Lilian, e cila tha se q\u00ebndroi n\u00eb nj\u00eb kish\u00eb me familjen e saj pasi filluan sulmet, shtoi: \u201cNe kurr\u00eb nuk has\u00ebm ndonj\u00eb sjellje t\u00eb keqe, as edhe p\u00ebr nj\u00eb dit\u00eb t\u00eb vetme. K\u00ebtu, ata nuk t\u00eb b\u00ebjn\u00eb t\u00eb ndihesh ndonj\u00eb ndarje mes krishter\u00ebve dhe mysliman\u00ebve, solidariteti dhe njer\u00ebzimi mbizot\u00ebrojn\u00eb\u201d.<\/p>\n<hr style=\"margin:30px 0\"\/>\n<p style=\"font-size:13px;color:#666\">Burimi: <strong>mesazhi<\/strong><\/p>\n","protected":false},"excerpt":{"rendered":"<p>Kisha e Sh\u00ebn Batrusit n\u00eb Jizzin, nj\u00eb vendbanimin n\u00eb provinc\u00ebn Sidon n\u00eb Libanin jugor, po pret af\u00ebrsisht 40 mysliman\u00eb libanez\u00eb t\u00eb zhvendosur nga sulmet izraelite, raporton Anadolu. Q\u00eb nga 2 marsi, sulmet izraelite ndaj Libanit kan\u00eb vrar\u00eb af\u00ebrsisht 1.500 njer\u00ebz dhe kan\u00eb zhvendosur mbi 1.162.000. N\u00eb Liban, nj\u00eb vend me nj\u00eb struktur\u00eb t\u00eb larmishme fetare [&hellip;]<\/p>\n","protected":false},"author":1,"featured_media":106079,"comment_status":"open","ping_status":"open","sticky":false,"template":"","format":"standard","meta":{"footnotes":""},"categories":[24],"tags":[3803],"class_list":["post-106080","post","type-post","status-publish","format-standard","has-post-thumbnail","hentry","category-bote","tag-aktuale"],"_links":{"self":[{"href":"https:\/\/prizrenpost.com\/al\/wp-json\/wp\/v2\/posts\/106080","targetHints":{"allow":["GET"]}}],"collection":[{"href":"https:\/\/prizrenpost.com\/al\/wp-json\/wp\/v2\/posts"}],"about":[{"href":"https:\/\/prizrenpost.com\/al\/wp-json\/wp\/v2\/types\/post"}],"author":[{"embeddable":true,"href":"https:\/\/prizrenpost.com\/al\/wp-json\/wp\/v2\/users\/1"}],"replies":[{"embeddable":true,"href":"https:\/\/prizrenpost.com\/al\/wp-json\/wp\/v2\/comments?post=106080"}],"version-history":[{"count":0,"href":"https:\/\/prizrenpost.com\/al\/wp-json\/wp\/v2\/posts\/106080\/revisions"}],"wp:featuredmedia":[{"embeddable":true,"href":"https:\/\/prizrenpost.com\/al\/wp-json\/wp\/v2\/media\/106079"}],"wp:attachment":[{"href":"https:\/\/prizrenpost.com\/al\/wp-json\/wp\/v2\/media?parent=106080"}],"wp:term":[{"taxonomy":"category","embeddable":true,"href":"https:\/\/prizrenpost.com\/al\/wp-json\/wp\/v2\/categories?post=106080"},{"taxonomy":"post_tag","embeddable":true,"href":"https:\/\/prizrenpost.com\/al\/wp-json\/wp\/v2\/tags?post=106080"}],"curies":[{"name":"wp","href":"https:\/\/api.w.org\/{rel}","templated":true}]}}