{"id":106088,"date":"2026-04-12T13:55:08","date_gmt":"2026-04-12T10:55:08","guid":{"rendered":"https:\/\/prizrenpost.com\/al\/sulme-ajrore-izraelite-ne-liban-dhjetera-te-vrare-ne-jug-te-vendit\/"},"modified":"2026-04-12T13:55:08","modified_gmt":"2026-04-12T10:55:08","slug":"sulme-ajrore-izraelite-ne-liban-dhjetera-te-vrare-ne-jug-te-vendit","status":"publish","type":"post","link":"https:\/\/prizrenpost.com\/al\/sulme-ajrore-izraelite-ne-liban-dhjetera-te-vrare-ne-jug-te-vendit\/","title":{"rendered":"Sulme ajrore izraelite n\u00eb Liban, dhjet\u00ebra t\u00eb vrar\u00eb n\u00eb jug t\u00eb vendit"},"content":{"rendered":"<figure class=\"post-featured-image\"><img decoding=\"async\" src=\"https:\/\/prizrenpost.com\/al\/wp-content\/uploads\/2026\/04\/Maaroub.jpg\" alt=\"Sulme ajrore izraelite n\u00eb Liban, dhjet\u00ebra t\u00eb vrar\u00eb n\u00eb jug t\u00eb vendit\"\/><\/figure>\n<p>Sulmet izraelite ndaj Libanit kan\u00eb vazhduar pa nd\u00ebrprerje gjat\u00eb or\u00ebve t\u00eb fundit, duke shkaktuar viktima dhe d\u00ebme n\u00eb disa zona t\u00eb jugut t\u00eb vendit.<\/p>\n<p>Sipas Agjencis\u00eb Komb\u00ebtare t\u00eb Lajmeve t\u00eb Libanit (NNA), gjasht\u00eb persona jan\u00eb vrar\u00eb n\u00eb nj\u00eb sulm n\u00eb qytetin Maaroub, n\u00eb distriktin Tyre. Po ashtu, pes\u00eb persona humb\u00ebn jet\u00ebn n\u00eb qytetin Qana.<\/p>\n<p>NNA raportoi gjithashtu p\u00ebr sulme ajrore n\u00eb qytetet Al-Bazouriyeh, Qalila, Bafliyeh dhe Qlawiya.<\/p>\n<p>Nd\u00ebrkoh\u00eb, burime libaneze b\u00ebjn\u00eb t\u00eb ditur se t\u00eb pakt\u00ebn 13 persona jan\u00eb vrar\u00eb gjat\u00eb nat\u00ebs n\u00eb nj\u00eb sulm izraelit n\u00eb qytetin Tefahta.<\/p>\n<p>Sipas raportimeve t\u00eb tjera, p\u00ebrfshir\u00eb ato t\u00eb Al Jazeera Arabic, sulme ajrore jan\u00eb regjistruar edhe n\u00eb zona t\u00eb tjera t\u00eb jugut t\u00eb Libanit, p\u00ebrfshir\u00eb Kafra, Haris, Rachaf dhe Srebbine.<\/p>\n<p>Bilanci i viktimave pritet t\u00eb rritet, nd\u00ebrsa situata n\u00eb terren mbetet e tensionuar. \/mesazhi<\/p>\n<hr style=\"margin:30px 0\"\/>\n<p style=\"font-size:13px;color:#666\">Burimi: <strong>mesazhi<\/strong><\/p>\n","protected":false},"excerpt":{"rendered":"<p>Sulmet izraelite ndaj Libanit kan\u00eb vazhduar pa nd\u00ebrprerje gjat\u00eb or\u00ebve t\u00eb fundit, duke shkaktuar viktima dhe d\u00ebme n\u00eb disa zona t\u00eb jugut t\u00eb vendit. Sipas Agjencis\u00eb Komb\u00ebtare t\u00eb Lajmeve t\u00eb Libanit (NNA), gjasht\u00eb persona jan\u00eb vrar\u00eb n\u00eb nj\u00eb sulm n\u00eb qytetin Maaroub, n\u00eb distriktin Tyre. Po ashtu, pes\u00eb persona humb\u00ebn jet\u00ebn n\u00eb qytetin Qana. NNA [&hellip;]<\/p>\n","protected":false},"author":1,"featured_media":106087,"comment_status":"open","ping_status":"open","sticky":false,"template":"","format":"standard","meta":{"footnotes":""},"categories":[24],"tags":[3803],"class_list":["post-106088","post","type-post","status-publish","format-standard","has-post-thumbnail","hentry","category-bote","tag-aktuale"],"_links":{"self":[{"href":"https:\/\/prizrenpost.com\/al\/wp-json\/wp\/v2\/posts\/106088","targetHints":{"allow":["GET"]}}],"collection":[{"href":"https:\/\/prizrenpost.com\/al\/wp-json\/wp\/v2\/posts"}],"about":[{"href":"https:\/\/prizrenpost.com\/al\/wp-json\/wp\/v2\/types\/post"}],"author":[{"embeddable":true,"href":"https:\/\/prizrenpost.com\/al\/wp-json\/wp\/v2\/users\/1"}],"replies":[{"embeddable":true,"href":"https:\/\/prizrenpost.com\/al\/wp-json\/wp\/v2\/comments?post=106088"}],"version-history":[{"count":0,"href":"https:\/\/prizrenpost.com\/al\/wp-json\/wp\/v2\/posts\/106088\/revisions"}],"wp:featuredmedia":[{"embeddable":true,"href":"https:\/\/prizrenpost.com\/al\/wp-json\/wp\/v2\/media\/106087"}],"wp:attachment":[{"href":"https:\/\/prizrenpost.com\/al\/wp-json\/wp\/v2\/media?parent=106088"}],"wp:term":[{"taxonomy":"category","embeddable":true,"href":"https:\/\/prizrenpost.com\/al\/wp-json\/wp\/v2\/categories?post=106088"},{"taxonomy":"post_tag","embeddable":true,"href":"https:\/\/prizrenpost.com\/al\/wp-json\/wp\/v2\/tags?post=106088"}],"curies":[{"name":"wp","href":"https:\/\/api.w.org\/{rel}","templated":true}]}}