{"id":106090,"date":"2026-04-12T13:55:21","date_gmt":"2026-04-12T10:55:21","guid":{"rendered":"https:\/\/prizrenpost.com\/al\/dy-te-dyshuar-i-kane-vendosur-pengesa-ne-rruge-te-miturve-detaje-nga-grabitja-e-armatosur-ne-prizren\/"},"modified":"2026-04-12T13:55:21","modified_gmt":"2026-04-12T10:55:21","slug":"dy-te-dyshuar-i-kane-vendosur-pengesa-ne-rruge-te-miturve-detaje-nga-grabitja-e-armatosur-ne-prizren","status":"publish","type":"post","link":"https:\/\/prizrenpost.com\/al\/dy-te-dyshuar-i-kane-vendosur-pengesa-ne-rruge-te-miturve-detaje-nga-grabitja-e-armatosur-ne-prizren\/","title":{"rendered":"Dy t\u00eb dyshuar i kan\u00eb vendosur pengesa n\u00eb rrug\u00eb t\u00eb miturve, detaje nga grabitja e armatosur n\u00eb Prizren"},"content":{"rendered":"<figure class=\"post-featured-image\"><img decoding=\"async\" src=\"https:\/\/prizrenpost.com\/al\/wp-content\/uploads\/2026\/04\/grabitje.jpg\" alt=\"Dy t\u00eb dyshuar i kan\u00eb vendosur pengesa n\u00eb rrug\u00eb t\u00eb miturve, detaje nga grabitja e armatosur n\u00eb Prizren\"\/><\/figure>\n<p>Policia e Kosov\u00ebs ka dh\u00ebn\u00eb detaje lidhur me nj\u00eb grabitje t\u00eb armatosur q\u00eb ka ndodhur dje n\u00eb rrug\u00ebn \u201cNdre Bogdani\u201d, n\u00eb segmentin nd\u00ebrmjet fshatrave Zym dhe Bregdri n\u00eb Prizren.<\/p>\n<p data-start=\"292\" data-end=\"459\">Sipas policis\u00eb, dy persona t\u00eb panjohur, nj\u00ebri prej tyre i armatosur, kan\u00eb vendosur pengesa n\u00eb rrug\u00eb dhe kan\u00eb ndalur nj\u00eb vetur\u00eb me dy viktima, t\u00eb mosh\u00ebs 18 dhe 16 vje\u00e7.<\/p>\n<p data-start=\"461\" data-end=\"706\">N\u00ebn k\u00ebrc\u00ebnimin e arm\u00ebs, t\u00eb dyshuarit u kan\u00eb marr\u00eb viktimave shum\u00ebn prej 65 dhe 70 euro, nd\u00ebrsa m\u00eb pas jan\u00eb larguar n\u00eb drejtim t\u00eb zon\u00ebs malore.<\/p>\n<p>Sipas deklarimeve t\u00eb viktimave, nj\u00ebri nga t\u00eb dyshuarit ka sht\u00ebn\u00eb me arm\u00eb zjarri n\u00eb aj\u00ebr para largimit.<\/p>\n<p data-start=\"708\" data-end=\"886\">Nj\u00ebsitet policore kan\u00eb dal\u00eb menj\u00ebher\u00eb n\u00eb vendin e ngjarjes, ku \u00ebsht\u00eb gjetur dhe sekuestruar nj\u00eb g\u00ebzhoj\u00eb. N\u00eb konsultim me prokurorin e shtetit, rasti \u00ebsht\u00eb iniciuar si \u201cGrabitje\u201d, ka b\u00ebr\u00eb t\u00eb ditur p\u00ebr Klankosova.tv, z\u00ebdh\u00ebn\u00ebsi i policis\u00eb p\u00ebr rajonin e Prizrenit, Shaqir Byty\u00e7i.<\/p>\n<p data-start=\"888\" data-end=\"1157\">\u201cBazuar n\u00eb informacionet operative, policia ka identifikuar dy t\u00eb dyshuar nga fshati Krajk\u00eb i Prizrenit. Gjat\u00eb kontrollit n\u00eb nj\u00eb sht\u00ebpi, jan\u00eb gjetur dhe sekuestruar municion dhe pjes\u00eb t\u00eb arm\u00ebve, me \u00e7\u2019rast \u00ebsht\u00eb iniciuar edhe rast p\u00ebr \u201cposedim t\u00eb paautorizuar t\u00eb arm\u00ebve\u201d.<\/p>\n<p data-start=\"1159\" data-end=\"1334\" data-is-last-node=\"\" data-is-only-node=\"\">\u201cT\u00eb dyshuarit jan\u00eb intervistuar n\u00eb prani t\u00eb avokat\u00ebve dhe kujdestarit p\u00ebr t\u00eb miturin, dhe me urdh\u00ebr t\u00eb prokurorit jan\u00eb liruar n\u00eb procedur\u00eb t\u00eb rregullt. Rasti mbetet n\u00ebn hetime\u201d, thuhet tutje. \/Klankosova.tv<\/p>\n<blockquote class=\"wp-embedded-content\" data-secret=\"wwYWslKqgu\">\n<p><a href=\"https:\/\/klankosova.tv\/grabitje-e-armatosur-ne-zym-te-prizrenit-viktimat-u-perballen-me-sulm-pas-nje-bllokade-me-gure\/\">Grabitje e armatosur n\u00eb Zym t\u00eb Prizrenit &#8211; viktimat u p\u00ebrballen me sulm pas nj\u00eb bllokade me gur\u00eb<\/a><\/p>\n<\/blockquote>\n<p>&nbsp;<\/p>\n<hr style=\"margin:30px 0\"\/>\n<p style=\"font-size:13px;color:#666\">Burimi: <strong>klankosova<\/strong><\/p>\n","protected":false},"excerpt":{"rendered":"<p>Policia e Kosov\u00ebs ka dh\u00ebn\u00eb detaje lidhur me nj\u00eb grabitje t\u00eb armatosur q\u00eb ka ndodhur dje n\u00eb rrug\u00ebn \u201cNdre Bogdani\u201d, n\u00eb segmentin nd\u00ebrmjet fshatrave Zym dhe Bregdri n\u00eb Prizren. Sipas policis\u00eb, dy persona t\u00eb panjohur, nj\u00ebri prej tyre i armatosur, kan\u00eb vendosur pengesa n\u00eb rrug\u00eb dhe kan\u00eb ndalur nj\u00eb vetur\u00eb me dy viktima, t\u00eb mosh\u00ebs [&hellip;]<\/p>\n","protected":false},"author":1,"featured_media":106089,"comment_status":"open","ping_status":"open","sticky":false,"template":"","format":"standard","meta":{"footnotes":""},"categories":[17],"tags":[],"class_list":["post-106090","post","type-post","status-publish","format-standard","has-post-thumbnail","hentry","category-kronike"],"_links":{"self":[{"href":"https:\/\/prizrenpost.com\/al\/wp-json\/wp\/v2\/posts\/106090","targetHints":{"allow":["GET"]}}],"collection":[{"href":"https:\/\/prizrenpost.com\/al\/wp-json\/wp\/v2\/posts"}],"about":[{"href":"https:\/\/prizrenpost.com\/al\/wp-json\/wp\/v2\/types\/post"}],"author":[{"embeddable":true,"href":"https:\/\/prizrenpost.com\/al\/wp-json\/wp\/v2\/users\/1"}],"replies":[{"embeddable":true,"href":"https:\/\/prizrenpost.com\/al\/wp-json\/wp\/v2\/comments?post=106090"}],"version-history":[{"count":0,"href":"https:\/\/prizrenpost.com\/al\/wp-json\/wp\/v2\/posts\/106090\/revisions"}],"wp:featuredmedia":[{"embeddable":true,"href":"https:\/\/prizrenpost.com\/al\/wp-json\/wp\/v2\/media\/106089"}],"wp:attachment":[{"href":"https:\/\/prizrenpost.com\/al\/wp-json\/wp\/v2\/media?parent=106090"}],"wp:term":[{"taxonomy":"category","embeddable":true,"href":"https:\/\/prizrenpost.com\/al\/wp-json\/wp\/v2\/categories?post=106090"},{"taxonomy":"post_tag","embeddable":true,"href":"https:\/\/prizrenpost.com\/al\/wp-json\/wp\/v2\/tags?post=106090"}],"curies":[{"name":"wp","href":"https:\/\/api.w.org\/{rel}","templated":true}]}}