{"id":106119,"date":"2026-04-12T17:30:09","date_gmt":"2026-04-12T14:30:09","guid":{"rendered":"https:\/\/prizrenpost.com\/al\/udheheqesit-boterore-do-te-mblidhen-ne-antalya-te-turqise-per-forumin-e-diplomacise-me-17-19-prill\/"},"modified":"2026-04-12T17:30:09","modified_gmt":"2026-04-12T14:30:09","slug":"udheheqesit-boterore-do-te-mblidhen-ne-antalya-te-turqise-per-forumin-e-diplomacise-me-17-19-prill","status":"publish","type":"post","link":"https:\/\/prizrenpost.com\/al\/udheheqesit-boterore-do-te-mblidhen-ne-antalya-te-turqise-per-forumin-e-diplomacise-me-17-19-prill\/","title":{"rendered":"Udh\u00ebheq\u00ebsit bot\u00ebror\u00eb do t\u00eb mblidhen n\u00eb Antalya t\u00eb Turqis\u00eb p\u00ebr Forumin e Diplomacis\u00eb m\u00eb 17-19 prill"},"content":{"rendered":"<figure class=\"post-featured-image\"><img decoding=\"async\" src=\"https:\/\/prizrenpost.com\/al\/wp-content\/uploads\/2026\/04\/thumbs_b_c_c920a43db56b7524a8ce53f9c75550ad.jpg\" alt=\"Udh\u00ebheq\u00ebsit bot\u00ebror\u00eb do t\u00eb mblidhen n\u00eb Antalya t\u00eb Turqis\u00eb p\u00ebr Forumin e Diplomacis\u00eb m\u00eb 17-19 prill\"\/><\/figure>\n<p>Udh\u00ebheq\u00ebs bot\u00ebror\u00eb dhe zyrtar\u00eb qeveritar\u00eb pritet t\u00eb mblidhen n\u00eb edicionin e pest\u00eb t\u00eb Forumit t\u00eb Diplomacis\u00eb n\u00eb Antalya (ADF2026) m\u00eb 17-19 prill n\u00ebn tem\u00ebn \u201cLundrimi n\u00eb pasiguri n\u00eb nj\u00eb bot\u00eb n\u00eb ndryshim\u201d, than\u00eb burime diplomatike t\u00eb diel\u00ebn, transmeton Anadolu.<\/p>\n<p>Forumi do t\u00eb mbahet n\u00ebn patronazhin e presidentit t\u00eb Turqis\u00eb, Recep Tayyip Erdogan, dhe do t\u00eb organizohet nga Ministria e Jashtme.<\/p>\n<p>M\u00eb shum\u00eb se 20 krer\u00eb shtetesh dhe qeverish, rreth 15 n\u00ebnpresident\u00eb dhe z\u00ebvend\u00ebslider\u00eb, si dhe mbi 50 ministra, p\u00ebrfshir\u00eb m\u00eb shum\u00eb se 40 ministra t\u00eb jasht\u00ebm, pritet t\u00eb marrin pjes\u00eb.<\/p>\n<p>Ngjarja pritet gjithashtu t\u00eb mir\u00ebpres\u00eb mbi 460 pjes\u00ebmarr\u00ebs t\u00eb nivelit t\u00eb lart\u00eb, p\u00ebrfshir\u00eb 75 p\u00ebrfaq\u00ebsues nga organizata nd\u00ebrkomb\u00ebtare, si dhe rreth 5.000 pjes\u00ebmarr\u00ebs, si akademik\u00eb dhe student\u00eb nga m\u00eb shum\u00eb se 150 vende.<\/p>\n<p>M\u00eb shum\u00eb se 40 aktivitete dhe sesione, p\u00ebrfshir\u00eb panele t\u00eb lider\u00ebve, do t\u00eb mbahen gjat\u00eb forumit, duke u fokusuar n\u00eb pasigurit\u00eb globale, proceset e transformimit dhe zhvillimet rajonale n\u00eb fusha politike, ekonomike, mjedisore dhe teknologjike.<\/p>\n<p>Ministri i Jasht\u00ebm turk, Hakan Fidan, pritet t\u00eb marr\u00eb pjes\u00eb n\u00eb disa takime n\u00eb margjinat e forumit, p\u00ebrfshir\u00eb takimin e tret\u00eb t\u00eb Platform\u00ebs s\u00eb Paqes p\u00ebr Ballkanin, nj\u00eb takim me fokus Gaz\u00ebn me tet\u00eb vende, nj\u00eb takim joformal t\u00eb K\u00ebshillit t\u00eb Ministrave t\u00eb Jasht\u00ebm t\u00eb Shteteve Turke, si dhe nj\u00eb takim mes Turqis\u00eb, Pakistanit, Arabis\u00eb Saudite dhe Egjiptit.<\/p>\n<hr style=\"margin:30px 0\"\/>\n<p style=\"font-size:13px;color:#666\">Burimi: <strong>mesazhi<\/strong><\/p>\n","protected":false},"excerpt":{"rendered":"<p>Udh\u00ebheq\u00ebs bot\u00ebror\u00eb dhe zyrtar\u00eb qeveritar\u00eb pritet t\u00eb mblidhen n\u00eb edicionin e pest\u00eb t\u00eb Forumit t\u00eb Diplomacis\u00eb n\u00eb Antalya (ADF2026) m\u00eb 17-19 prill n\u00ebn tem\u00ebn \u201cLundrimi n\u00eb pasiguri n\u00eb nj\u00eb bot\u00eb n\u00eb ndryshim\u201d, than\u00eb burime diplomatike t\u00eb diel\u00ebn, transmeton Anadolu. Forumi do t\u00eb mbahet n\u00ebn patronazhin e presidentit t\u00eb Turqis\u00eb, Recep Tayyip Erdogan, dhe do t\u00eb [&hellip;]<\/p>\n","protected":false},"author":1,"featured_media":106118,"comment_status":"open","ping_status":"open","sticky":false,"template":"","format":"standard","meta":{"footnotes":""},"categories":[24],"tags":[3803],"class_list":["post-106119","post","type-post","status-publish","format-standard","has-post-thumbnail","hentry","category-bote","tag-aktuale"],"_links":{"self":[{"href":"https:\/\/prizrenpost.com\/al\/wp-json\/wp\/v2\/posts\/106119","targetHints":{"allow":["GET"]}}],"collection":[{"href":"https:\/\/prizrenpost.com\/al\/wp-json\/wp\/v2\/posts"}],"about":[{"href":"https:\/\/prizrenpost.com\/al\/wp-json\/wp\/v2\/types\/post"}],"author":[{"embeddable":true,"href":"https:\/\/prizrenpost.com\/al\/wp-json\/wp\/v2\/users\/1"}],"replies":[{"embeddable":true,"href":"https:\/\/prizrenpost.com\/al\/wp-json\/wp\/v2\/comments?post=106119"}],"version-history":[{"count":0,"href":"https:\/\/prizrenpost.com\/al\/wp-json\/wp\/v2\/posts\/106119\/revisions"}],"wp:featuredmedia":[{"embeddable":true,"href":"https:\/\/prizrenpost.com\/al\/wp-json\/wp\/v2\/media\/106118"}],"wp:attachment":[{"href":"https:\/\/prizrenpost.com\/al\/wp-json\/wp\/v2\/media?parent=106119"}],"wp:term":[{"taxonomy":"category","embeddable":true,"href":"https:\/\/prizrenpost.com\/al\/wp-json\/wp\/v2\/categories?post=106119"},{"taxonomy":"post_tag","embeddable":true,"href":"https:\/\/prizrenpost.com\/al\/wp-json\/wp\/v2\/tags?post=106119"}],"curies":[{"name":"wp","href":"https:\/\/api.w.org\/{rel}","templated":true}]}}